{"id":8922,"date":"2022-10-03T10:26:30","date_gmt":"2022-10-03T13:26:30","guid":{"rendered":"https:\/\/www.confere.org.br\/wordpress\/?p=8922"},"modified":"2022-10-03T10:26:31","modified_gmt":"2022-10-03T13:26:31","slug":"mercado-financeiro-reduz-projecao-da-inflacao-de-588-para-574","status":"publish","type":"post","link":"https:\/\/www.confere.org.br\/wordpress\/mercado-financeiro-reduz-projecao-da-inflacao-de-588-para-574\/","title":{"rendered":"Mercado financeiro reduz proje\u00e7\u00e3o da infla\u00e7\u00e3o de 5,88% para 5,74%"},"content":{"rendered":"\n<p>A previs\u00e3o do mercado financeiro para o \u00cdndice Nacional de Pre\u00e7os ao Consumidor Amplo (IPCA), considerada a infla\u00e7\u00e3o oficial do pa\u00eds, caiu de 5,88% para 5,74% para este ano. \u00c9 a 14\u00aa redu\u00e7\u00e3o consecutiva da proje\u00e7\u00e3o. A estimativa est\u00e1 no Boletim Focus de hoje (3), pesquisa divulgada semanalmente pelo Banco Central (BC), em Bras\u00edlia, com a expectativa de institui\u00e7\u00f5es para os principais indicadores econ\u00f4micos.<img src=\"https:\/\/agenciabrasil.ebc.com.br\/ebc.png?id=1486067&amp;o=node\"><img src=\"https:\/\/agenciabrasil.ebc.com.br\/ebc.gif?id=1486067&amp;o=node\"><\/p>\n\n\n\n<p>Para 2023, a estimativa de infla\u00e7\u00e3o ficou em 5%. Para 2024 e 2025, as previs\u00f5es s\u00e3o de infla\u00e7\u00e3o em 3,5% e 3%, respectivamente.<\/p>\n\n\n\n<p>A previs\u00e3o para 2022 est\u00e1 acima do teto da meta de infla\u00e7\u00e3o que deve ser perseguida pelo BC. A meta, definida pelo Conselho Monet\u00e1rio Nacional, \u00e9 de 3,5% para este ano, com intervalo de toler\u00e2ncia de 1,5 ponto percentual para cima ou para baixo. Ou seja, o limite inferior \u00e9 2% e o superior 5%.<\/p>\n\n\n\n<p>Em agosto, houve&nbsp;<a href=\"http:\/\/agenciabrasil.ebc.com.br\/economia\/noticia\/2022-09\/inflacao-oficial-cai-036-em-agostodiz-ibge\" target=\"_blank\" rel=\"noreferrer noopener\">defla\u00e7\u00e3o<\/a>&nbsp;de 0,36%, ap\u00f3s queda de 0,68% em julho. Com o resultado, o IPCA acumula alta de 4,39% no ano e 8,73% em 12 meses, segundo o Instituto Brasileiro de Geografia e Estat\u00edstica &#8211; IBGE. Para setembro, o \u00cdndice de Pre\u00e7os ao Consumidor Amplo-15 (IPCA-15), que \u00e9 a&nbsp;<a href=\"http:\/\/agenciabrasil.ebc.com.br\/economia\/noticia\/2022-09\/previa-do-ibge-registra-deflacao-de-037-em-setembro\" target=\"_blank\" rel=\"noreferrer noopener\">pr\u00e9via da infla\u00e7\u00e3o<\/a>, tamb\u00e9m teve recuo, de 0,37%.<\/p>\n\n\n\n<h2>Taxa de juros<\/h2>\n\n\n\n<p>Para alcan\u00e7ar a meta de infla\u00e7\u00e3o, o Banco Central usa como principal instrumento a taxa b\u00e1sica de juros, a Selic, definida em 13,75% ao ano pelo Comit\u00ea de Pol\u00edtica Monet\u00e1ria (Copom). A taxa est\u00e1 no maior n\u00edvel desde janeiro de 2017, quando tamb\u00e9m estava em 13,75% ao ano.<\/p>\n\n\n\n<p>Para o mercado financeiro, a expectativa \u00e9 de que a Selic encerre o ano nesse patamar. Para o fim de 2023, a estimativa \u00e9 de que a taxa b\u00e1sica caia para 11,25% ao ano. J\u00e1 para 2024 e 2025, a previs\u00e3o \u00e9 de Selic em 8% ao ano e 7,75% ao ano, respectivamente.<\/p>\n\n\n\n<p>Quando o Copom aumenta a taxa b\u00e1sica de juros, a finalidade \u00e9 conter a demanda aquecida, e isso causa reflexos nos pre\u00e7os porque os juros mais altos encarecem o cr\u00e9dito e estimulam a poupan\u00e7a. Desse modo, taxas mais altas tamb\u00e9m podem dificultar a expans\u00e3o da economia.<\/p>\n\n\n\n<p>Al\u00e9m da Selic, os bancos consideram outros fatores na hora de definir os juros cobrados dos consumidores, como risco de inadimpl\u00eancia, lucro e despesas administrativas.<\/p>\n\n\n\n<p>Quando o Copom diminui a Selic, a tend\u00eancia \u00e9 de que o cr\u00e9dito fique mais barato, com incentivo \u00e0 produ\u00e7\u00e3o e ao consumo, reduzindo o controle da infla\u00e7\u00e3o e estimulando a atividade econ\u00f4mica.<\/p>\n\n\n\n<h2>PIB e c\u00e2mbio<\/h2>\n\n\n\n<p>As institui\u00e7\u00f5es financeiras consultadas pelo BC elevaram a proje\u00e7\u00e3o para o crescimento da economia brasileira neste ano de 2,67% para 2,70%.<\/p>\n\n\n\n<p>Para 2023, a expectativa para o Produto Interno Bruto (PIB) &#8211; a soma de todos os bens e servi\u00e7os produzidos no pa\u00eds &#8211; \u00e9 de crescimento de 0,53%. Para 2024 e 2025, o mercado financeiro projeta expans\u00e3o do PIB em 1,7% e 2%, respectivamente.<\/p>\n\n\n\n<p>A expectativa para a cota\u00e7\u00e3o do d\u00f3lar manteve-se em R$ 5,20 para o final deste ano. Para o fim de 2023, a previs\u00e3o \u00e9 de que a moeda americana se mantenha nesse mesmo patamar.<\/p>\n\n\n\n<p>Fonte: <a href=\"https:\/\/agenciabrasil.ebc.com.br\/economia\/noticia\/2022-10\/mercado-financeiro-reduz-projecao-da-inflacao-de-588-para-574\" target=\"_blank\" rel=\"noreferrer noopener\">Ag\u00eancia Brasil<\/a><\/p>\n","protected":false},"excerpt":{"rendered":"<p>Previs\u00e3o para o PIB subiu de 2,67% para 2,70%<\/p>\n","protected":false},"author":3,"featured_media":1970,"comment_status":"closed","ping_status":"closed","sticky":false,"template":"","format":"standard","meta":[],"categories":[17,2],"tags":[],"_links":{"self":[{"href":"https:\/\/www.confere.org.br\/wordpress\/wp-json\/wp\/v2\/posts\/8922"}],"collection":[{"href":"https:\/\/www.confere.org.br\/wordpress\/wp-json\/wp\/v2\/posts"}],"about":[{"href":"https:\/\/www.confere.org.br\/wordpress\/wp-json\/wp\/v2\/types\/post"}],"author":[{"embeddable":true,"href":"https:\/\/www.confere.org.br\/wordpress\/wp-json\/wp\/v2\/users\/3"}],"replies":[{"embeddable":true,"href":"https:\/\/www.confere.org.br\/wordpress\/wp-json\/wp\/v2\/comments?post=8922"}],"version-history":[{"count":1,"href":"https:\/\/www.confere.org.br\/wordpress\/wp-json\/wp\/v2\/posts\/8922\/revisions"}],"predecessor-version":[{"id":8923,"href":"https:\/\/www.confere.org.br\/wordpress\/wp-json\/wp\/v2\/posts\/8922\/revisions\/8923"}],"wp:featuredmedia":[{"embeddable":true,"href":"https:\/\/www.confere.org.br\/wordpress\/wp-json\/wp\/v2\/media\/1970"}],"wp:attachment":[{"href":"https:\/\/www.confere.org.br\/wordpress\/wp-json\/wp\/v2\/media?parent=8922"}],"wp:term":[{"taxonomy":"category","embeddable":true,"href":"https:\/\/www.confere.org.br\/wordpress\/wp-json\/wp\/v2\/categories?post=8922"},{"taxonomy":"post_tag","embeddable":true,"href":"https:\/\/www.confere.org.br\/wordpress\/wp-json\/wp\/v2\/tags?post=8922"}],"curies":[{"name":"wp","href":"https:\/\/api.w.org\/{rel}","templated":true}]}}