{"id":8925,"date":"2022-10-03T10:57:45","date_gmt":"2022-10-03T13:57:45","guid":{"rendered":"https:\/\/www.confere.org.br\/wordpress\/?p=8925"},"modified":"2022-10-04T16:20:43","modified_gmt":"2022-10-04T19:20:43","slug":"outubro-rosa","status":"publish","type":"post","link":"https:\/\/www.confere.org.br\/wordpress\/outubro-rosa\/","title":{"rendered":"Outubro\u00a0Rosa"},"content":{"rendered":"\n<p>Conhecido mundialmente pelas campanhas de preven\u00e7\u00e3o ao c\u00e2ncer de mama, o&nbsp;Outubro&nbsp;Rosa&nbsp;vem se consolidando, desde os anos 1990, como um dos atos mais importantes na dissemina\u00e7\u00e3o de informa\u00e7\u00e3o e promo\u00e7\u00e3o da sa\u00fade feminina. Uma excelente porta de entrada para o acesso aos servi\u00e7os de diagn\u00f3stico e preven\u00e7\u00e3o da doen\u00e7a.&nbsp;&nbsp;<\/p>\n\n\n\n<p>Sendo o tipo mais comum entre as mulheres brasileiras, estima-se que 2,3 milh\u00f5es de casos tenham sido registrados ao redor do mundo em 2020.<\/p>\n\n\n\n<p>J\u00e1 no Brasil, os n\u00fameros estimados chegam a 66.280 novos casos durante 2021.<\/p>\n\n\n\n<p>Independentemente do cen\u00e1rio, o di\u00e1logo e o acesso \u00e0 informa\u00e7\u00e3o ainda s\u00e3o excelentes medidas de preven\u00e7\u00e3o e cuidado.&nbsp;<\/p>\n","protected":false},"excerpt":{"rendered":"<p>Preven\u00e7\u00e3o \u00e9 o melhor caminho na luta contra o c\u00e2ncer de mama<\/p>\n","protected":false},"author":3,"featured_media":8926,"comment_status":"closed","ping_status":"closed","sticky":false,"template":"","format":"standard","meta":[],"categories":[34,17],"tags":[],"_links":{"self":[{"href":"https:\/\/www.confere.org.br\/wordpress\/wp-json\/wp\/v2\/posts\/8925"}],"collection":[{"href":"https:\/\/www.confere.org.br\/wordpress\/wp-json\/wp\/v2\/posts"}],"about":[{"href":"https:\/\/www.confere.org.br\/wordpress\/wp-json\/wp\/v2\/types\/post"}],"author":[{"embeddable":true,"href":"https:\/\/www.confere.org.br\/wordpress\/wp-json\/wp\/v2\/users\/3"}],"replies":[{"embeddable":true,"href":"https:\/\/www.confere.org.br\/wordpress\/wp-json\/wp\/v2\/comments?post=8925"}],"version-history":[{"count":2,"href":"https:\/\/www.confere.org.br\/wordpress\/wp-json\/wp\/v2\/posts\/8925\/revisions"}],"predecessor-version":[{"id":8986,"href":"https:\/\/www.confere.org.br\/wordpress\/wp-json\/wp\/v2\/posts\/8925\/revisions\/8986"}],"wp:featuredmedia":[{"embeddable":true,"href":"https:\/\/www.confere.org.br\/wordpress\/wp-json\/wp\/v2\/media\/8926"}],"wp:attachment":[{"href":"https:\/\/www.confere.org.br\/wordpress\/wp-json\/wp\/v2\/media?parent=8925"}],"wp:term":[{"taxonomy":"category","embeddable":true,"href":"https:\/\/www.confere.org.br\/wordpress\/wp-json\/wp\/v2\/categories?post=8925"},{"taxonomy":"post_tag","embeddable":true,"href":"https:\/\/www.confere.org.br\/wordpress\/wp-json\/wp\/v2\/tags?post=8925"}],"curies":[{"name":"wp","href":"https:\/\/api.w.org\/{rel}","templated":true}]}}