{"id":8941,"date":"2022-10-03T15:42:57","date_gmt":"2022-10-03T18:42:57","guid":{"rendered":"https:\/\/www.confere.org.br\/wordpress\/?p=8941"},"modified":"2022-11-18T10:08:52","modified_gmt":"2022-11-18T13:08:52","slug":"2022-portaria-no-105-2022","status":"publish","type":"post","link":"https:\/\/www.confere.org.br\/wordpress\/2022-portaria-no-105-2022\/","title":{"rendered":"2022 &#8211; Portaria n\u00ba 105\/2022"},"content":{"rendered":"\n<p>Designa o fiscal do contrato n\u00ba 20\/2022, cujo objeto \u00e9 a Presta\u00e7\u00e3o de Servi\u00e7os de Hospedagem do Site do Confere, no \u00e2mbito do Conselho Federal dos Representantes Comerciais, e disp\u00f5e sobre suas atribui\u00e7\u00f5es.<\/p>\n\n\n\n<p><a href=\"https:\/\/www.confere.org.br\/wordpress\/wp-content\/uploads\/2022\/10\/Portaria_nBA_105_assinado_assinado.pdf\" target=\"_blank\" rel=\"noreferrer noopener\">https:\/\/www.confere.org.br\/wordpress\/wp-content\/uploads\/2022\/10\/Portaria_nBA_105_assinado_assinado.pdf<\/a><\/p>\n","protected":false},"excerpt":{"rendered":"<p>105, Portaria, https:\/\/www.confere.org.br\/wordpress\/wp-content\/uploads\/2022\/10\/Portaria_nBA_105_assinado_assinado.pdf<\/p>\n","protected":false},"author":3,"featured_media":0,"comment_status":"closed","ping_status":"closed","sticky":false,"template":"","format":"standard","meta":[],"categories":[52],"tags":[],"_links":{"self":[{"href":"https:\/\/www.confere.org.br\/wordpress\/wp-json\/wp\/v2\/posts\/8941"}],"collection":[{"href":"https:\/\/www.confere.org.br\/wordpress\/wp-json\/wp\/v2\/posts"}],"about":[{"href":"https:\/\/www.confere.org.br\/wordpress\/wp-json\/wp\/v2\/types\/post"}],"author":[{"embeddable":true,"href":"https:\/\/www.confere.org.br\/wordpress\/wp-json\/wp\/v2\/users\/3"}],"replies":[{"embeddable":true,"href":"https:\/\/www.confere.org.br\/wordpress\/wp-json\/wp\/v2\/comments?post=8941"}],"version-history":[{"count":1,"href":"https:\/\/www.confere.org.br\/wordpress\/wp-json\/wp\/v2\/posts\/8941\/revisions"}],"predecessor-version":[{"id":8942,"href":"https:\/\/www.confere.org.br\/wordpress\/wp-json\/wp\/v2\/posts\/8941\/revisions\/8942"}],"wp:attachment":[{"href":"https:\/\/www.confere.org.br\/wordpress\/wp-json\/wp\/v2\/media?parent=8941"}],"wp:term":[{"taxonomy":"category","embeddable":true,"href":"https:\/\/www.confere.org.br\/wordpress\/wp-json\/wp\/v2\/categories?post=8941"},{"taxonomy":"post_tag","embeddable":true,"href":"https:\/\/www.confere.org.br\/wordpress\/wp-json\/wp\/v2\/tags?post=8941"}],"curies":[{"name":"wp","href":"https:\/\/api.w.org\/{rel}","templated":true}]}}