{"id":9010,"date":"2022-10-06T14:53:50","date_gmt":"2022-10-06T17:53:50","guid":{"rendered":"https:\/\/www.confere.org.br\/wordpress\/?p=9010"},"modified":"2022-10-14T15:35:18","modified_gmt":"2022-10-14T18:35:18","slug":"core-pe-esta-presente-na-feira-supermix-2022","status":"publish","type":"post","link":"https:\/\/www.confere.org.br\/wordpress\/core-pe-esta-presente-na-feira-supermix-2022\/","title":{"rendered":"Core-PE est\u00e1 presente na feira SUPERMIX 2022"},"content":{"rendered":"\n<p>O Core-PE est\u00e1 presente na&nbsp;<strong>SUPERMIX 2022<\/strong>, a maior Feira de neg\u00f3cios do segmento de varejo do Norte e Nordeste, com expectativa de 18 mil visitantes esperados para o evento entre os dias 05 a 07 de outubro de 2022, no Centro de Conven\u00e7\u00f5es de Pernambuco \u2013 Recife \u2013 PE, local que certamente concretizar\u00e1 bons neg\u00f3cios! <\/p>\n\n\n\n<p>O Conselho conta com equipe t\u00e9cnica, no local, formada pelo setor de Fiscaliza\u00e7\u00e3o e Departamento Jur\u00eddico para esclarecimentos quanto aos direitos e aos deveres do representante comercial; bem como, com a equipe de Atendimento, com estrutura e equipamentos dispon\u00edveis para realiza\u00e7\u00e3o de registro, emiss\u00e3o de identidade f\u00edsica e\/ou digital, de certid\u00f5es de regularidade, negocia\u00e7\u00e3o de d\u00e9bitos em aberto, impress\u00e3o de boletos para pagamento das anuidades ou pagamento via cart\u00e3o de cr\u00e9dito\/d\u00e9bito.<\/p>\n\n\n\n<p>Al\u00e9m de difundir para as representadas, que est\u00e3o presentes na feira, a import\u00e2ncia da contrata\u00e7\u00e3o do representante comercial registrado e regularizado, o Core-PE tamb\u00e9m apresenta o balc\u00e3o de oportunidades, localizado no portal oficial do Conselho, onde as empresas podem divulgar suas vagas e encontrar o profissional que necessitam.<\/p>\n\n\n\n<p>A presen\u00e7a ativa do Conselho em eventos como a&nbsp;SUPERMIX 2022<strong> <\/strong>\u00e9 fundamental tanto para os representantes, quanto para as representadas, no cumprimento de sua miss\u00e3o institucional visando&nbsp;disseminar, fomentar e desenvolver&nbsp;a atividade da Representa\u00e7\u00e3o Comercial, por meio da&nbsp;fiscaliza\u00e7\u00e3o e da orienta\u00e7\u00e3o, promovendo, assim, a&nbsp;tutela legal&nbsp;&nbsp;das rela\u00e7\u00f5es contratuais e&nbsp;desempenho \u00e9tico-profissional&nbsp;dos registrados.<\/p>\n\n\n\n<figure class=\"wp-block-image size-full\"><img width=\"900\" height=\"675\" src=\"https:\/\/www.confere.org.br\/wordpress\/wp-content\/uploads\/2022\/10\/palestra-pe.jpg\" alt=\"\" class=\"wp-image-9017\" srcset=\"https:\/\/www.confere.org.br\/wordpress\/wp-content\/uploads\/2022\/10\/palestra-pe.jpg 900w, https:\/\/www.confere.org.br\/wordpress\/wp-content\/uploads\/2022\/10\/palestra-pe-300x225.jpg 300w, https:\/\/www.confere.org.br\/wordpress\/wp-content\/uploads\/2022\/10\/palestra-pe-768x576.jpg 768w\" sizes=\"(max-width: 900px) 100vw, 900px\" \/><\/figure>\n\n\n\n<p>O Regional pernambucano comemorou o Dia Pan-americano e Estadual do Representante Comercial (01\/10) com a palestra \u201cLideran\u00e7a 5.0: Descubra o segredo para ter pessoas obcecadas por fazer parte de seu time\u201d para os representantes comerciais, realizada ontem, dia 5 de outubro, no audit\u00f3rio da Feira SUPERMIX 2022.<\/p>\n\n\n\n<p>Na oportunidade, o palestrante e professor Gon\u00e7alo Pontes compartilhou sua experi\u00eancia sobre negocia\u00e7\u00e3o e lideran\u00e7a, apresentando estrat\u00e9gias, t\u00e9cnicas e <em>mindsets<\/em> voltados \u00e0 gest\u00e3o de pessoas, lideran\u00e7a, estabelecimento de metas e resultados que podem ser adotados pelos profissionais no exerc\u00edcio da atividade de representa\u00e7\u00e3o comercial.&nbsp;&nbsp;&nbsp;&nbsp;&nbsp;&nbsp;&nbsp;&nbsp;&nbsp;<\/p>\n\n\n\n<p>&#8220;A data contribui para valoriza\u00e7\u00e3o da categoria, conferindo visibilidade aos seus profissionais e empresas, os quais det\u00eam grande import\u00e2ncia para a sociedade, sendo o motor propulsor da economia, distribuindo as riquezas por todos os rinc\u00f5es do pa\u00eds&#8221;, destacou Poliana Andrade, Coordenadora Geral Executiva do Core-PE.<\/p>\n\n\n\n<p>Representante comercial, garanta sua credencial e conhe\u00e7a o estande do Core-PE!<\/p>\n\n\n\n<p>Mais informa\u00e7\u00f5es e credenciamento na feira: htt<a rel=\"noreferrer noopener\" href=\"\/\/feirasupermix.com.br\/\" target=\"_blank\">ps:\/\/feirasupermix.com.br\/<\/a><\/p>\n","protected":false},"excerpt":{"rendered":"<p>Regional comemora o Dia Pan-americano e Estadual do Representante Comercial<\/p>\n","protected":false},"author":3,"featured_media":9011,"comment_status":"closed","ping_status":"closed","sticky":false,"template":"","format":"standard","meta":[],"categories":[34,17],"tags":[],"_links":{"self":[{"href":"https:\/\/www.confere.org.br\/wordpress\/wp-json\/wp\/v2\/posts\/9010"}],"collection":[{"href":"https:\/\/www.confere.org.br\/wordpress\/wp-json\/wp\/v2\/posts"}],"about":[{"href":"https:\/\/www.confere.org.br\/wordpress\/wp-json\/wp\/v2\/types\/post"}],"author":[{"embeddable":true,"href":"https:\/\/www.confere.org.br\/wordpress\/wp-json\/wp\/v2\/users\/3"}],"replies":[{"embeddable":true,"href":"https:\/\/www.confere.org.br\/wordpress\/wp-json\/wp\/v2\/comments?post=9010"}],"version-history":[{"count":6,"href":"https:\/\/www.confere.org.br\/wordpress\/wp-json\/wp\/v2\/posts\/9010\/revisions"}],"predecessor-version":[{"id":9021,"href":"https:\/\/www.confere.org.br\/wordpress\/wp-json\/wp\/v2\/posts\/9010\/revisions\/9021"}],"wp:featuredmedia":[{"embeddable":true,"href":"https:\/\/www.confere.org.br\/wordpress\/wp-json\/wp\/v2\/media\/9011"}],"wp:attachment":[{"href":"https:\/\/www.confere.org.br\/wordpress\/wp-json\/wp\/v2\/media?parent=9010"}],"wp:term":[{"taxonomy":"category","embeddable":true,"href":"https:\/\/www.confere.org.br\/wordpress\/wp-json\/wp\/v2\/categories?post=9010"},{"taxonomy":"post_tag","embeddable":true,"href":"https:\/\/www.confere.org.br\/wordpress\/wp-json\/wp\/v2\/tags?post=9010"}],"curies":[{"name":"wp","href":"https:\/\/api.w.org\/{rel}","templated":true}]}}