{"id":9022,"date":"2022-10-06T16:43:14","date_gmt":"2022-10-06T19:43:14","guid":{"rendered":"https:\/\/www.confere.org.br\/wordpress\/?p=9022"},"modified":"2022-10-21T12:25:19","modified_gmt":"2022-10-21T14:25:19","slug":"core-ce-recebe-visita-do-presidente-do-confere","status":"publish","type":"post","link":"https:\/\/www.confere.org.br\/wordpress\/core-ce-recebe-visita-do-presidente-do-confere\/","title":{"rendered":"Core-CE recebe visita do presidente do Confere"},"content":{"rendered":"\n<p>Os diretores do Conselho Regional dos Representantes Comerciais no Estado do Cear\u00e1 (Core-CE) receberam, nesta quinta-feira (06), a visita do presidente do Conselho Federal (Confere), Archimedes Cavalcanti J\u00fanior. <\/p>\n\n\n\n<p>Durante o encontro, Archimedes parabenizou o Core-CE pelos resultados apresentados e ressaltou que pretende aproximar mais o Confere dos Conselhos Regionais.&nbsp;<em>\u201cVamos elaborar ideias em conjunto, com o Cear\u00e1, por exemplo, na elabora\u00e7\u00e3o de revistas institucionais que servir\u00e3o de modelo para os demais conselhos\u201d<\/em>, comentou o presidente.&nbsp;<\/p>\n\n\n\n<p>O r\u00e1pido encontro foi visto como proveitoso para o tesoureiro do Core-CE, Paulo Alberoni.&nbsp;<em>\u201cTivemos a oportunidade de apresentar nossos n\u00fameros ao presidente Archimedes e esperamos novas oportunidades. Acreditamos que a troca com os demais colegas s\u00f3 soma a nossa institui\u00e7\u00e3o\u201d<\/em>, diz.&nbsp;&nbsp;<\/p>\n\n\n\n<p>Participaram tamb\u00e9m da reuni\u00e3o o conselheiro da Comiss\u00e3o Fiscal e presidente do Sirecom-CE, Luis Jos\u00e9 Souza; o membro da Comiss\u00e3o Fiscal, Francisco Filgueiras; a gerente executiva do Core-CE, Karina Nunes; e a assessora de comunica\u00e7\u00e3o, Amanda Feitoza.&nbsp;<\/p>\n\n\n\n<p>Fonte: Core-CE<\/p>\n","protected":false},"excerpt":{"rendered":"<p>Na pauta, a troca de informa\u00e7\u00f5es entre a entidade regional e a gest\u00e3o federal<\/p>\n","protected":false},"author":3,"featured_media":9023,"comment_status":"closed","ping_status":"closed","sticky":false,"template":"","format":"standard","meta":[],"categories":[34,17],"tags":[],"_links":{"self":[{"href":"https:\/\/www.confere.org.br\/wordpress\/wp-json\/wp\/v2\/posts\/9022"}],"collection":[{"href":"https:\/\/www.confere.org.br\/wordpress\/wp-json\/wp\/v2\/posts"}],"about":[{"href":"https:\/\/www.confere.org.br\/wordpress\/wp-json\/wp\/v2\/types\/post"}],"author":[{"embeddable":true,"href":"https:\/\/www.confere.org.br\/wordpress\/wp-json\/wp\/v2\/users\/3"}],"replies":[{"embeddable":true,"href":"https:\/\/www.confere.org.br\/wordpress\/wp-json\/wp\/v2\/comments?post=9022"}],"version-history":[{"count":3,"href":"https:\/\/www.confere.org.br\/wordpress\/wp-json\/wp\/v2\/posts\/9022\/revisions"}],"predecessor-version":[{"id":9248,"href":"https:\/\/www.confere.org.br\/wordpress\/wp-json\/wp\/v2\/posts\/9022\/revisions\/9248"}],"wp:featuredmedia":[{"embeddable":true,"href":"https:\/\/www.confere.org.br\/wordpress\/wp-json\/wp\/v2\/media\/9023"}],"wp:attachment":[{"href":"https:\/\/www.confere.org.br\/wordpress\/wp-json\/wp\/v2\/media?parent=9022"}],"wp:term":[{"taxonomy":"category","embeddable":true,"href":"https:\/\/www.confere.org.br\/wordpress\/wp-json\/wp\/v2\/categories?post=9022"},{"taxonomy":"post_tag","embeddable":true,"href":"https:\/\/www.confere.org.br\/wordpress\/wp-json\/wp\/v2\/tags?post=9022"}],"curies":[{"name":"wp","href":"https:\/\/api.w.org\/{rel}","templated":true}]}}