{"id":9029,"date":"2022-10-07T08:49:51","date_gmt":"2022-10-07T11:49:51","guid":{"rendered":"https:\/\/www.confere.org.br\/wordpress\/?p=9029"},"modified":"2022-11-18T10:08:21","modified_gmt":"2022-11-18T13:08:21","slug":"2022-portaria-no-103-2022","status":"publish","type":"post","link":"https:\/\/www.confere.org.br\/wordpress\/2022-portaria-no-103-2022\/","title":{"rendered":"2022 &#8211; Portaria n\u00ba 103\/2022"},"content":{"rendered":"\n<p>Designa o fiscal do contrato n\u00ba 17\/2021, cujo objeto \u00e9 a Presta\u00e7\u00e3o de Servi\u00e7os de Fornecimento de Sistemas de Gest\u00e3o, no \u00e2mbito do Conselho Federal dos Representantes Comerciais, e disp\u00f5e sobre suas atribui\u00e7\u00f5es.<\/p>\n\n\n\n<p><a href=\"https:\/\/www.confere.org.br\/wordpress\/wp-content\/uploads\/2022\/10\/Portaria_nBA_103_assinado_assinado.pdf\" target=\"_blank\" rel=\"noreferrer noopener\">https:\/\/www.confere.org.br\/wordpress\/wp-content\/uploads\/2022\/10\/Portaria_nBA_103_assinado_assinado.pdf<\/a><\/p>\n","protected":false},"excerpt":{"rendered":"<p>103, Portaria,https:\/\/www.confere.org.br\/wordpress\/wp-content\/uploads\/2022\/10\/Portaria_nBA_103_assinado_assinado.pdf<\/p>\n","protected":false},"author":3,"featured_media":0,"comment_status":"closed","ping_status":"closed","sticky":false,"template":"","format":"standard","meta":[],"categories":[52],"tags":[],"_links":{"self":[{"href":"https:\/\/www.confere.org.br\/wordpress\/wp-json\/wp\/v2\/posts\/9029"}],"collection":[{"href":"https:\/\/www.confere.org.br\/wordpress\/wp-json\/wp\/v2\/posts"}],"about":[{"href":"https:\/\/www.confere.org.br\/wordpress\/wp-json\/wp\/v2\/types\/post"}],"author":[{"embeddable":true,"href":"https:\/\/www.confere.org.br\/wordpress\/wp-json\/wp\/v2\/users\/3"}],"replies":[{"embeddable":true,"href":"https:\/\/www.confere.org.br\/wordpress\/wp-json\/wp\/v2\/comments?post=9029"}],"version-history":[{"count":1,"href":"https:\/\/www.confere.org.br\/wordpress\/wp-json\/wp\/v2\/posts\/9029\/revisions"}],"predecessor-version":[{"id":9030,"href":"https:\/\/www.confere.org.br\/wordpress\/wp-json\/wp\/v2\/posts\/9029\/revisions\/9030"}],"wp:attachment":[{"href":"https:\/\/www.confere.org.br\/wordpress\/wp-json\/wp\/v2\/media?parent=9029"}],"wp:term":[{"taxonomy":"category","embeddable":true,"href":"https:\/\/www.confere.org.br\/wordpress\/wp-json\/wp\/v2\/categories?post=9029"},{"taxonomy":"post_tag","embeddable":true,"href":"https:\/\/www.confere.org.br\/wordpress\/wp-json\/wp\/v2\/tags?post=9029"}],"curies":[{"name":"wp","href":"https:\/\/api.w.org\/{rel}","templated":true}]}}