{"id":9048,"date":"2022-10-10T15:15:07","date_gmt":"2022-10-10T18:15:07","guid":{"rendered":"https:\/\/www.confere.org.br\/wordpress\/?p=9048"},"modified":"2022-12-26T08:33:27","modified_gmt":"2022-12-26T11:33:27","slug":"eleicao-core-es-trienio-2023-2026","status":"publish","type":"post","link":"https:\/\/www.confere.org.br\/wordpress\/eleicao-core-es-trienio-2023-2026\/","title":{"rendered":"ELEI\u00c7\u00c3O CORE-ES &#8211; TRI\u00caNIO 2023\/2026"},"content":{"rendered":"\n<p>1. Resolu\u00e7\u00e3o n\u00ba 2.042\/2022<\/p>\n\n\n\n<p><a href=\"https:\/\/www.confere.org.br\/wordpress\/wp-content\/uploads\/2022\/10\/Resolucao-Eleicao-Core-ES-DOU.pdf\" target=\"_blank\" rel=\"noreferrer noopener\">&#8211; Publicada no DOU, no dia 10\/10\/2022<\/a><\/p>\n\n\n\n<p><br>2. Edital de Convoca\u00e7\u00e3o<\/p>\n\n\n\n<p><a href=\"https:\/\/www.confere.org.br\/wordpress\/wp-content\/uploads\/2022\/10\/Edital-de-Convocacao-Jornal-A-Tribuna.pdf\" target=\"_blank\" rel=\"noreferrer noopener\">&#8211; Publica\u00e7\u00e3o no Jornal &#8220;A Tribuna&#8221;, no dia 11\/10\/2022<\/a><\/p>\n\n\n\n<p><a rel=\"noreferrer noopener\" href=\"https:\/\/www.confere.org.br\/wordpress\/wp-content\/uploads\/2022\/10\/Edital-de-Convocacao-DOU.pdf\" target=\"_blank\">&#8211; Publicado no DOU, no dia 10\/10\/2022<\/a><\/p>\n\n\n\n<p><br><a href=\"https:\/\/www.confere.org.br\/wordpress\/wp-content\/uploads\/2022\/10\/Regulamento-Eleitoral-CORE-ES___OK.pdf\" target=\"_blank\" rel=\"noreferrer noopener\">3. Regulamento Eleitoral<\/a><\/p>\n\n\n\n<p><br><a rel=\"noreferrer noopener\" href=\"https:\/\/www.confere.org.br\/wordpress\/wp-content\/uploads\/2022\/10\/REQUERIMENTO-REGISTRO-DE-CHAPA-CORE-ES-1.pdf\" target=\"_blank\">4. Requerimento de Registro de Chapa<\/a><br><br><a rel=\"noreferrer noopener\" href=\"https:\/\/www.confere.org.br\/wordpress\/wp-content\/uploads\/2022\/10\/FICHA-DE-QUALIFICACAO-CORE-ES.pdf\" target=\"_blank\">5. Ficha de Qualifica\u00e7\u00e3o<\/a><br><br><a rel=\"noreferrer noopener\" href=\"https:\/\/www.confere.org.br\/wordpress\/wp-content\/uploads\/2022\/10\/DECLARACAO-DE-AQUIESCENCIA-CORE-ES-1.pdf\" target=\"_blank\">6. Declara\u00e7\u00e3o de Aquiesc\u00eancia<\/a><\/p>\n\n\n\n<p><br><a rel=\"noreferrer noopener\" href=\"https:\/\/www.confere.org.br\/wordpress\/wp-content\/uploads\/2022\/10\/RESOLUCAO_2045_2022.pdf\" target=\"_blank\">7. Resolu\u00e7\u00e3o n\u00ba 2.045\/2022<\/a><\/p>\n\n\n\n<p><a href=\"https:\/\/www.confere.org.br\/wordpress\/wp-content\/uploads\/2022\/10\/Publicacao-DOU-Resolucao-Confere-2045.pdf\">&#8211; Publicada no DOU, no dia 21\/10\/2022 <\/a><\/p>\n\n\n\n<p><a href=\"https:\/\/www.confere.org.br\/wordpress\/wp-content\/uploads\/2022\/10\/Publicacao-A-Tribuna-ES-Resolucao-Confere-2045.pdf\" target=\"_blank\" rel=\"noreferrer noopener\">&#8211; Publicada no Jornal &#8220;A Tribuna&#8221;, no dia 21\/10\/2022<\/a><\/p>\n","protected":false},"excerpt":{"rendered":"<p>Processo Eleitoral para composi\u00e7\u00e3o do Core-ES<\/p>\n","protected":false},"author":3,"featured_media":0,"comment_status":"closed","ping_status":"closed","sticky":false,"template":"","format":"standard","meta":[],"categories":[43],"tags":[],"_links":{"self":[{"href":"https:\/\/www.confere.org.br\/wordpress\/wp-json\/wp\/v2\/posts\/9048"}],"collection":[{"href":"https:\/\/www.confere.org.br\/wordpress\/wp-json\/wp\/v2\/posts"}],"about":[{"href":"https:\/\/www.confere.org.br\/wordpress\/wp-json\/wp\/v2\/types\/post"}],"author":[{"embeddable":true,"href":"https:\/\/www.confere.org.br\/wordpress\/wp-json\/wp\/v2\/users\/3"}],"replies":[{"embeddable":true,"href":"https:\/\/www.confere.org.br\/wordpress\/wp-json\/wp\/v2\/comments?post=9048"}],"version-history":[{"count":12,"href":"https:\/\/www.confere.org.br\/wordpress\/wp-json\/wp\/v2\/posts\/9048\/revisions"}],"predecessor-version":[{"id":9244,"href":"https:\/\/www.confere.org.br\/wordpress\/wp-json\/wp\/v2\/posts\/9048\/revisions\/9244"}],"wp:attachment":[{"href":"https:\/\/www.confere.org.br\/wordpress\/wp-json\/wp\/v2\/media?parent=9048"}],"wp:term":[{"taxonomy":"category","embeddable":true,"href":"https:\/\/www.confere.org.br\/wordpress\/wp-json\/wp\/v2\/categories?post=9048"},{"taxonomy":"post_tag","embeddable":true,"href":"https:\/\/www.confere.org.br\/wordpress\/wp-json\/wp\/v2\/tags?post=9048"}],"curies":[{"name":"wp","href":"https:\/\/api.w.org\/{rel}","templated":true}]}}