{"id":9057,"date":"2022-10-10T16:48:39","date_gmt":"2022-10-10T19:48:39","guid":{"rendered":"https:\/\/www.confere.org.br\/wordpress\/?p=9057"},"modified":"2022-11-18T10:07:58","modified_gmt":"2022-11-18T13:07:58","slug":"2022-portaria-no-113-2022","status":"publish","type":"post","link":"https:\/\/www.confere.org.br\/wordpress\/2022-portaria-no-113-2022\/","title":{"rendered":"2022 &#8211; Portaria n\u00ba 113\/2022"},"content":{"rendered":"\n<p>Designa o fiscal do contrato n\u00ba 12\/2022, Presta\u00e7\u00e3o de Servi\u00e7os de Loca\u00e7\u00e3o de Link de Internet, no \u00e2mbito do<br>Conselho Federal dos Representantes Comerciais, e disp\u00f5e sobre suas atribui\u00e7\u00f5es.<\/p>\n\n\n\n<p><a href=\"https:\/\/www.confere.org.br\/wordpress\/wp-content\/uploads\/2022\/10\/Portaria_n_C2_BA_113_2022.pdf\">https:\/\/www.confere.org.br\/wordpress\/wp-content\/uploads\/2022\/10\/Portaria_n_C2_BA_113_2022.pdf<\/a><\/p>\n","protected":false},"excerpt":{"rendered":"<p>113, Portaria, https:\/\/www.confere.org.br\/wordpress\/wp-content\/uploads\/2022\/10\/Portaria_n_C2_BA_113_2022.pdf<\/p>\n","protected":false},"author":3,"featured_media":0,"comment_status":"closed","ping_status":"closed","sticky":false,"template":"","format":"standard","meta":[],"categories":[52],"tags":[],"_links":{"self":[{"href":"https:\/\/www.confere.org.br\/wordpress\/wp-json\/wp\/v2\/posts\/9057"}],"collection":[{"href":"https:\/\/www.confere.org.br\/wordpress\/wp-json\/wp\/v2\/posts"}],"about":[{"href":"https:\/\/www.confere.org.br\/wordpress\/wp-json\/wp\/v2\/types\/post"}],"author":[{"embeddable":true,"href":"https:\/\/www.confere.org.br\/wordpress\/wp-json\/wp\/v2\/users\/3"}],"replies":[{"embeddable":true,"href":"https:\/\/www.confere.org.br\/wordpress\/wp-json\/wp\/v2\/comments?post=9057"}],"version-history":[{"count":1,"href":"https:\/\/www.confere.org.br\/wordpress\/wp-json\/wp\/v2\/posts\/9057\/revisions"}],"predecessor-version":[{"id":9058,"href":"https:\/\/www.confere.org.br\/wordpress\/wp-json\/wp\/v2\/posts\/9057\/revisions\/9058"}],"wp:attachment":[{"href":"https:\/\/www.confere.org.br\/wordpress\/wp-json\/wp\/v2\/media?parent=9057"}],"wp:term":[{"taxonomy":"category","embeddable":true,"href":"https:\/\/www.confere.org.br\/wordpress\/wp-json\/wp\/v2\/categories?post=9057"},{"taxonomy":"post_tag","embeddable":true,"href":"https:\/\/www.confere.org.br\/wordpress\/wp-json\/wp\/v2\/tags?post=9057"}],"curies":[{"name":"wp","href":"https:\/\/api.w.org\/{rel}","templated":true}]}}