{"id":9059,"date":"2022-10-11T09:24:44","date_gmt":"2022-10-11T12:24:44","guid":{"rendered":"https:\/\/www.confere.org.br\/wordpress\/?p=9059"},"modified":"2022-10-11T10:20:38","modified_gmt":"2022-10-11T13:20:38","slug":"uma-festa-do-comeco-ao-fim-veja-os-destaques-do-dia-estadual-do-representante-comercial-em-sao-paulo","status":"publish","type":"post","link":"https:\/\/www.confere.org.br\/wordpress\/uma-festa-do-comeco-ao-fim-veja-os-destaques-do-dia-estadual-do-representante-comercial-em-sao-paulo\/","title":{"rendered":"Uma festa do come\u00e7o ao fim: veja os destaques do Dia Estadual do Representante Comercial em S\u00e3o Paulo"},"content":{"rendered":"\n<p>Chegou a vez de S\u00e3o Paulo: o evento em comemora\u00e7\u00e3o ao&nbsp;<strong>Dia Estadual do Representante Comercial&nbsp;<\/strong>desembarcou na<strong>&nbsp;<\/strong>capital paulista e garantiu uma noite repleta de alegria e descontra\u00e7\u00e3o. Na \u00faltima sexta-feira (7), o audit\u00f3rio Juscelino Kubitscheck, na Alesp, contou com mais de 120 representantes comerciais, familiares e amigos, junto do Core-SP, para enaltecer as conquistas e valoriza\u00e7\u00e3o da categoria.<\/p>\n\n\n\n<p>O evento contou com as participa\u00e7\u00f5es do presidente do Core-SP, Sidney Fernandes Gutierrez; do presidente do Core-PR, Paulo Cesar Nauiack; do vice-presidente do Core-SC, Orivaldo Besen; do conselheiro do Core-SC, Jos\u00e9 Maria Matos; e do Deputado Estadual Castello Branco, este, respons\u00e1vel por instituir oficialmente o Dia Estadual do Representante Comercial, celebrado em 1\u00b0 de outubro, por meio da Lei n\u00b0 17.407.<\/p>\n\n\n\n<p>Dois representantes comerciais foram homenageados pela Comiss\u00e3o de Honraria do Core-SP, como um s\u00edmbolo \u00e0 categoria que movimenta n\u00e3o apenas a economia paulista, mas a de todo o pa\u00eds. Tamb\u00e9m garantiu especial emo\u00e7\u00e3o a homenagem feita ao conselheiro sr. Francisco Clemente, por seus 52 anos de registro profissional.<\/p>\n\n\n\n<p>Neste Dia Estadual do Representante Comercial, os convidados puderam conhecer, em primeira m\u00e3o, as primeiras conselheiras a fazerem parte da gest\u00e3o do Core-SP, as representantes comerciais Lucimare Ferreira Vilarino e K\u00e1rita Regina Martins Benitez \u2013 uma conquista empoderada e representativa \u00e0s mulheres da categoria.<\/p>\n\n\n\n<p>A noite ganhou outro toque de conhecimento sob a expertise de Ezio Odorissio Junior, que dividiu sua experi\u00eancia como coach em treinamento de equipes de vendas e representante comercial na \u00e1rea de constru\u00e7\u00e3o civil.<\/p>\n\n\n\n<p>O encerramento ficou por conta do ator e apresentador M\u00e1rcio Ballas, que mais do que garantir boas risadas, ensinou t\u00e9cnicas de comunica\u00e7\u00e3o, improviso e criatividade aos representantes, fundamental para fechar bons neg\u00f3cios.<\/p>\n\n\n\n<p>O evento em comemora\u00e7\u00e3o ao Dia Estadual do Representante Comercial em S\u00e3o Paulo contou, ainda, com transmiss\u00e3o ao vivo em sess\u00e3o solene pela Alesp. A grava\u00e7\u00e3o &#8211; ainda a ser disponibilizada no YouTube &#8211; permite que as mem\u00f3rias criadas ali sejam sempre revisitadas.<\/p>\n\n\n\n<p>O Core-SP agradece a todos os representantes comerciais, amigos e familiares que estiveram presentes e nos ajudaram a eternizar uma noite t\u00e3o especial!<\/p>\n\n\n\n<p>Fonte: Core-SP<\/p>\n","protected":false},"excerpt":{"rendered":"<p>Comemora\u00e7\u00e3o foi sin\u00f4nimo de alegria e emo\u00e7\u00e3o<\/p>\n","protected":false},"author":3,"featured_media":9060,"comment_status":"closed","ping_status":"closed","sticky":false,"template":"","format":"standard","meta":[],"categories":[34,49,17],"tags":[],"_links":{"self":[{"href":"https:\/\/www.confere.org.br\/wordpress\/wp-json\/wp\/v2\/posts\/9059"}],"collection":[{"href":"https:\/\/www.confere.org.br\/wordpress\/wp-json\/wp\/v2\/posts"}],"about":[{"href":"https:\/\/www.confere.org.br\/wordpress\/wp-json\/wp\/v2\/types\/post"}],"author":[{"embeddable":true,"href":"https:\/\/www.confere.org.br\/wordpress\/wp-json\/wp\/v2\/users\/3"}],"replies":[{"embeddable":true,"href":"https:\/\/www.confere.org.br\/wordpress\/wp-json\/wp\/v2\/comments?post=9059"}],"version-history":[{"count":2,"href":"https:\/\/www.confere.org.br\/wordpress\/wp-json\/wp\/v2\/posts\/9059\/revisions"}],"predecessor-version":[{"id":9088,"href":"https:\/\/www.confere.org.br\/wordpress\/wp-json\/wp\/v2\/posts\/9059\/revisions\/9088"}],"wp:featuredmedia":[{"embeddable":true,"href":"https:\/\/www.confere.org.br\/wordpress\/wp-json\/wp\/v2\/media\/9060"}],"wp:attachment":[{"href":"https:\/\/www.confere.org.br\/wordpress\/wp-json\/wp\/v2\/media?parent=9059"}],"wp:term":[{"taxonomy":"category","embeddable":true,"href":"https:\/\/www.confere.org.br\/wordpress\/wp-json\/wp\/v2\/categories?post=9059"},{"taxonomy":"post_tag","embeddable":true,"href":"https:\/\/www.confere.org.br\/wordpress\/wp-json\/wp\/v2\/tags?post=9059"}],"curies":[{"name":"wp","href":"https:\/\/api.w.org\/{rel}","templated":true}]}}