{"id":9097,"date":"2022-10-11T11:37:03","date_gmt":"2022-10-11T14:37:03","guid":{"rendered":"https:\/\/www.confere.org.br\/wordpress\/?p=9097"},"modified":"2022-12-07T11:20:28","modified_gmt":"2022-12-07T14:20:28","slug":"dispensa-eletronica-no-033-2022-aquisicao-de-material-de-expediente","status":"publish","type":"post","link":"https:\/\/www.confere.org.br\/wordpress\/dispensa-eletronica-no-033-2022-aquisicao-de-material-de-expediente\/","title":{"rendered":"Dispensa Eletr\u00f4nica n\u00ba 033\/2022 &#8211; Aquisi\u00e7\u00e3o de Material de Expediente"},"content":{"rendered":"\n<ul><li><a rel=\"noreferrer noopener\" href=\"https:\/\/www.confere.org.br\/wordpress\/wp-content\/uploads\/2022\/10\/Minuta_TR_-_Aquisicao_de_materiais_de_expediente_assinado-3.pdf\" target=\"_blank\">Termo de Refer\u00eancia<\/a><\/li><li><a rel=\"noreferrer noopener\" href=\"https:\/\/www.confere.org.br\/wordpress\/wp-content\/uploads\/2022\/10\/DESPACHO_TR_DIVISORIAS-final.pdf\" target=\"_blank\">Autoriza\u00e7\u00e3o do Ordenador de Despesa para Publica\u00e7\u00e3o<\/a><\/li><li>Link PNCP:\u00a0https:\/\/pncp.gov.br\/app\/editais\/34046367000168\/2022\/33<\/li><li>11\/11\/2022 &#8211; <a href=\"https:\/\/www.confere.org.br\/wordpress\/wp-content\/uploads\/2022\/12\/RELATO_1-1.pdf\" target=\"_blank\" rel=\"noreferrer noopener\">Relat\u00f3rio Homologado<\/a><\/li><\/ul>\n","protected":false},"excerpt":{"rendered":"<p>Termo de Refer\u00eancia Autoriza\u00e7\u00e3o do Ordenador de Despesa para Publica\u00e7\u00e3o Link PNCP:\u00a0https:\/\/pncp.gov.br\/app\/editais\/34046367000168\/2022\/33 11\/11\/2022 &#8211; Relat\u00f3rio Homologado<\/p>\n","protected":false},"author":3,"featured_media":0,"comment_status":"closed","ping_status":"closed","sticky":false,"template":"","format":"standard","meta":[],"categories":[60],"tags":[],"_links":{"self":[{"href":"https:\/\/www.confere.org.br\/wordpress\/wp-json\/wp\/v2\/posts\/9097"}],"collection":[{"href":"https:\/\/www.confere.org.br\/wordpress\/wp-json\/wp\/v2\/posts"}],"about":[{"href":"https:\/\/www.confere.org.br\/wordpress\/wp-json\/wp\/v2\/types\/post"}],"author":[{"embeddable":true,"href":"https:\/\/www.confere.org.br\/wordpress\/wp-json\/wp\/v2\/users\/3"}],"replies":[{"embeddable":true,"href":"https:\/\/www.confere.org.br\/wordpress\/wp-json\/wp\/v2\/comments?post=9097"}],"version-history":[{"count":2,"href":"https:\/\/www.confere.org.br\/wordpress\/wp-json\/wp\/v2\/posts\/9097\/revisions"}],"predecessor-version":[{"id":9686,"href":"https:\/\/www.confere.org.br\/wordpress\/wp-json\/wp\/v2\/posts\/9097\/revisions\/9686"}],"wp:attachment":[{"href":"https:\/\/www.confere.org.br\/wordpress\/wp-json\/wp\/v2\/media?parent=9097"}],"wp:term":[{"taxonomy":"category","embeddable":true,"href":"https:\/\/www.confere.org.br\/wordpress\/wp-json\/wp\/v2\/categories?post=9097"},{"taxonomy":"post_tag","embeddable":true,"href":"https:\/\/www.confere.org.br\/wordpress\/wp-json\/wp\/v2\/tags?post=9097"}],"curies":[{"name":"wp","href":"https:\/\/api.w.org\/{rel}","templated":true}]}}