{"id":9107,"date":"2022-12-14T13:27:00","date_gmt":"2022-12-14T15:27:00","guid":{"rendered":"https:\/\/www.confere.org.br\/wordpress\/?p=9107"},"modified":"2022-10-11T13:29:36","modified_gmt":"2022-10-11T16:29:36","slug":"reuniao-plenaria-extraordinaria-dezembro-de-2022-2","status":"publish","type":"post","link":"https:\/\/www.confere.org.br\/wordpress\/reuniao-plenaria-extraordinaria-dezembro-de-2022-2\/","title":{"rendered":"Reuni\u00e3o Plen\u00e1ria Extraordin\u00e1ria \u2013 Dezembro de 2022"},"content":{"rendered":"\n<p>Reuni\u00e3o Plen\u00e1ria Extraordin\u00e1ria, a ser realizada, presencialmente, em Bras\u00edlia, nos dias 13, 14 e<br>15 de dezembro do ano corrente, das 9h \u00e0s 17h, com intervalo de 1h para almo\u00e7o.<\/p>\n","protected":false},"excerpt":{"rendered":"<p>Reuni\u00e3o Plen\u00e1ria Extraordin\u00e1ria, a ser realizada, presencialmente, em Bras\u00edlia, nos dias 13, 14 e15 de dezembro do ano corrente, das 9h \u00e0s 17h, com intervalo de 1h para almo\u00e7o.<\/p>\n","protected":false},"author":3,"featured_media":0,"comment_status":"closed","ping_status":"closed","sticky":false,"template":"","format":"standard","meta":[],"categories":[61],"tags":[],"_links":{"self":[{"href":"https:\/\/www.confere.org.br\/wordpress\/wp-json\/wp\/v2\/posts\/9107"}],"collection":[{"href":"https:\/\/www.confere.org.br\/wordpress\/wp-json\/wp\/v2\/posts"}],"about":[{"href":"https:\/\/www.confere.org.br\/wordpress\/wp-json\/wp\/v2\/types\/post"}],"author":[{"embeddable":true,"href":"https:\/\/www.confere.org.br\/wordpress\/wp-json\/wp\/v2\/users\/3"}],"replies":[{"embeddable":true,"href":"https:\/\/www.confere.org.br\/wordpress\/wp-json\/wp\/v2\/comments?post=9107"}],"version-history":[{"count":1,"href":"https:\/\/www.confere.org.br\/wordpress\/wp-json\/wp\/v2\/posts\/9107\/revisions"}],"predecessor-version":[{"id":9108,"href":"https:\/\/www.confere.org.br\/wordpress\/wp-json\/wp\/v2\/posts\/9107\/revisions\/9108"}],"wp:attachment":[{"href":"https:\/\/www.confere.org.br\/wordpress\/wp-json\/wp\/v2\/media?parent=9107"}],"wp:term":[{"taxonomy":"category","embeddable":true,"href":"https:\/\/www.confere.org.br\/wordpress\/wp-json\/wp\/v2\/categories?post=9107"},{"taxonomy":"post_tag","embeddable":true,"href":"https:\/\/www.confere.org.br\/wordpress\/wp-json\/wp\/v2\/tags?post=9107"}],"curies":[{"name":"wp","href":"https:\/\/api.w.org\/{rel}","templated":true}]}}