{"id":9128,"date":"2022-10-11T13:57:30","date_gmt":"2022-10-11T16:57:30","guid":{"rendered":"https:\/\/www.confere.org.br\/wordpress\/?p=9128"},"modified":"2023-01-04T16:37:46","modified_gmt":"2023-01-04T19:37:46","slug":"dispensa-eletronica-no-034-2022-contratacao-de-aparelhos-celulares-com-pacote-de-voz-e-dados","status":"publish","type":"post","link":"https:\/\/www.confere.org.br\/wordpress\/dispensa-eletronica-no-034-2022-contratacao-de-aparelhos-celulares-com-pacote-de-voz-e-dados\/","title":{"rendered":"Dispensa Eletr\u00f4nica n\u00ba 034\/2022 &#8211; Contrata\u00e7\u00e3o de aparelhos celulares com pacote de voz e dados"},"content":{"rendered":"\n<ul><li><a href=\"https:\/\/www.confere.org.br\/wordpress\/wp-content\/uploads\/2022\/10\/Minuta_TR_Aparelhos-celulares-com-pacote-de-voz-e-dados.pdf\">Termo de Refer\u00eancia<\/a><\/li><li>Link PNCP:\u00a0<a rel=\"noreferrer noopener\" href=\"https:\/\/pncp.gov.br\/app\/editais\/34046367000168\/2022\/34\" target=\"_blank\">https:\/\/pncp.gov.br\/app\/editais\/34046367000168\/2022\/34<\/a><\/li><li><a rel=\"noreferrer noopener\" href=\"https:\/\/www.confere.org.br\/wordpress\/wp-content\/uploads\/2022\/10\/AUTORIZACAO-PUBLICACAO-PRESIDENTE.pdf\" target=\"_blank\">Autoriza\u00e7\u00e3o do Ordenador de Despesa para Publica\u00e7\u00e3o<\/a>\u00a0<\/li><li>07\/12\/2022 &#8211; <a href=\"https:\/\/www.confere.org.br\/wordpress\/wp-content\/uploads\/2023\/01\/relatorio_dispensa_389047_342022.pdf\" target=\"_blank\" rel=\"noreferrer noopener\">RELAT\u00d3RIO\u00a0HOMOLOGADO<\/a><\/li><\/ul>\n\n\n\n<p><\/p>\n","protected":false},"excerpt":{"rendered":"<p>Termo de Refer\u00eancia Link PNCP:\u00a0https:\/\/pncp.gov.br\/app\/editais\/34046367000168\/2022\/34 Autoriza\u00e7\u00e3o do Ordenador de Despesa para Publica\u00e7\u00e3o\u00a0 07\/12\/2022 &#8211; RELAT\u00d3RIO\u00a0HOMOLOGADO<\/p>\n","protected":false},"author":3,"featured_media":0,"comment_status":"closed","ping_status":"closed","sticky":false,"template":"","format":"standard","meta":[],"categories":[60],"tags":[],"_links":{"self":[{"href":"https:\/\/www.confere.org.br\/wordpress\/wp-json\/wp\/v2\/posts\/9128"}],"collection":[{"href":"https:\/\/www.confere.org.br\/wordpress\/wp-json\/wp\/v2\/posts"}],"about":[{"href":"https:\/\/www.confere.org.br\/wordpress\/wp-json\/wp\/v2\/types\/post"}],"author":[{"embeddable":true,"href":"https:\/\/www.confere.org.br\/wordpress\/wp-json\/wp\/v2\/users\/3"}],"replies":[{"embeddable":true,"href":"https:\/\/www.confere.org.br\/wordpress\/wp-json\/wp\/v2\/comments?post=9128"}],"version-history":[{"count":4,"href":"https:\/\/www.confere.org.br\/wordpress\/wp-json\/wp\/v2\/posts\/9128\/revisions"}],"predecessor-version":[{"id":10032,"href":"https:\/\/www.confere.org.br\/wordpress\/wp-json\/wp\/v2\/posts\/9128\/revisions\/10032"}],"wp:attachment":[{"href":"https:\/\/www.confere.org.br\/wordpress\/wp-json\/wp\/v2\/media?parent=9128"}],"wp:term":[{"taxonomy":"category","embeddable":true,"href":"https:\/\/www.confere.org.br\/wordpress\/wp-json\/wp\/v2\/categories?post=9128"},{"taxonomy":"post_tag","embeddable":true,"href":"https:\/\/www.confere.org.br\/wordpress\/wp-json\/wp\/v2\/tags?post=9128"}],"curies":[{"name":"wp","href":"https:\/\/api.w.org\/{rel}","templated":true}]}}