{"id":9138,"date":"2022-10-11T15:30:56","date_gmt":"2022-10-11T18:30:56","guid":{"rendered":"https:\/\/www.confere.org.br\/wordpress\/?p=9138"},"modified":"2022-10-17T11:29:04","modified_gmt":"2022-10-17T13:29:04","slug":"processo-de-inexigibilidade-no-011-2022-renovacao-da-assinatura-do-banco-de-precos","status":"publish","type":"post","link":"https:\/\/www.confere.org.br\/wordpress\/processo-de-inexigibilidade-no-011-2022-renovacao-da-assinatura-do-banco-de-precos\/","title":{"rendered":"Processo de Inexigibilidade n\u00ba 011\/2022 &#8211; Renova\u00e7\u00e3o da assinatura do banco de pre\u00e7os"},"content":{"rendered":"\n<ul><li><a rel=\"noreferrer noopener\" href=\"https:\/\/www.confere.org.br\/wordpress\/wp-content\/uploads\/2022\/10\/TR_SERVICOS_-_BANCO_DE_PRECOS_assinado-1.pdf\" target=\"_blank\">Termo de Refer\u00eancia<\/a><\/li><li><a rel=\"noreferrer noopener\" href=\"https:\/\/www.confere.org.br\/wordpress\/wp-content\/uploads\/2022\/10\/PARECER-No-89-PROCURADORIA-GERAL.pdf\" target=\"_blank\">Parecer n\u00ba 89\/2022 &#8211; Procuradoria Geral<\/a><\/li><li><a href=\"https:\/\/www.confere.org.br\/wordpress\/wp-content\/uploads\/2022\/10\/NOTA-DE-EMPENHO-BANCO-DE-PRECOS.pdf\">Nota de Empenho<\/a><\/li><li><a href=\"https:\/\/www.confere.org.br\/wordpress\/wp-content\/uploads\/2022\/10\/EXTRATO-DOU-BANCO-DE-PRECOS.pdf\" target=\"_blank\" rel=\"noreferrer noopener\">Extrato da Publica\u00e7\u00e3o no DOU<\/a><\/li><\/ul>\n\n\n\n<p><\/p>\n","protected":false},"excerpt":{"rendered":"<p>Termo de Refer\u00eancia Parecer n\u00ba 89\/2022 &#8211; Procuradoria Geral Nota de Empenho Extrato da Publica\u00e7\u00e3o no DOU<\/p>\n","protected":false},"author":3,"featured_media":0,"comment_status":"closed","ping_status":"closed","sticky":false,"template":"","format":"standard","meta":[],"categories":[55],"tags":[],"_links":{"self":[{"href":"https:\/\/www.confere.org.br\/wordpress\/wp-json\/wp\/v2\/posts\/9138"}],"collection":[{"href":"https:\/\/www.confere.org.br\/wordpress\/wp-json\/wp\/v2\/posts"}],"about":[{"href":"https:\/\/www.confere.org.br\/wordpress\/wp-json\/wp\/v2\/types\/post"}],"author":[{"embeddable":true,"href":"https:\/\/www.confere.org.br\/wordpress\/wp-json\/wp\/v2\/users\/3"}],"replies":[{"embeddable":true,"href":"https:\/\/www.confere.org.br\/wordpress\/wp-json\/wp\/v2\/comments?post=9138"}],"version-history":[{"count":4,"href":"https:\/\/www.confere.org.br\/wordpress\/wp-json\/wp\/v2\/posts\/9138\/revisions"}],"predecessor-version":[{"id":9198,"href":"https:\/\/www.confere.org.br\/wordpress\/wp-json\/wp\/v2\/posts\/9138\/revisions\/9198"}],"wp:attachment":[{"href":"https:\/\/www.confere.org.br\/wordpress\/wp-json\/wp\/v2\/media?parent=9138"}],"wp:term":[{"taxonomy":"category","embeddable":true,"href":"https:\/\/www.confere.org.br\/wordpress\/wp-json\/wp\/v2\/categories?post=9138"},{"taxonomy":"post_tag","embeddable":true,"href":"https:\/\/www.confere.org.br\/wordpress\/wp-json\/wp\/v2\/tags?post=9138"}],"curies":[{"name":"wp","href":"https:\/\/api.w.org\/{rel}","templated":true}]}}