{"id":9157,"date":"2022-10-13T09:39:07","date_gmt":"2022-10-13T12:39:07","guid":{"rendered":"https:\/\/www.confere.org.br\/wordpress\/?p=9157"},"modified":"2022-10-13T09:39:08","modified_gmt":"2022-10-13T12:39:08","slug":"2022-portaria-no-102-2022","status":"publish","type":"post","link":"https:\/\/www.confere.org.br\/wordpress\/2022-portaria-no-102-2022\/","title":{"rendered":"2022 &#8211; Portaria n\u00ba 102\/2022"},"content":{"rendered":"\n<p>Designa o fiscal do contrato n\u00ba 05\/2021, cujo objeto \u00e9 a presta\u00e7\u00e3o de servi\u00e7os de terceiriza\u00e7\u00e3o de m\u00e3o de obra, no \u00e2mbito do Conselho Federal dos Representantes Comerciais, e disp\u00f5e sobre suas atribui\u00e7\u00f5es.<\/p>\n\n\n\n<p><a href=\"https:\/\/www.confere.org.br\/wordpress\/wp-content\/uploads\/2022\/10\/Portaria_n_C2_BA_102.2022_-_Terceirizacao_de_Mao_de_Obra_29_29_assinado_assinado.pdf\">https:\/\/www.confere.org.br\/wordpress\/wp-content\/uploads\/2022\/10\/Portaria_n_C2_BA_102.2022_-_Terceirizacao_de_Mao_de_Obra_29_29_assinado_assinado.pdf<\/a><\/p>\n","protected":false},"excerpt":{"rendered":"<p>102, Portaria, https:\/\/www.confere.org.br\/wordpress\/wp-content\/uploads\/2022\/10\/Portaria_n_C2_BA_102.2022_-_Terceirizacao_de_Mao_de_Obra_29_29_assinado_assinado.pdf<\/p>\n","protected":false},"author":3,"featured_media":0,"comment_status":"closed","ping_status":"closed","sticky":false,"template":"","format":"standard","meta":[],"categories":[52],"tags":[],"_links":{"self":[{"href":"https:\/\/www.confere.org.br\/wordpress\/wp-json\/wp\/v2\/posts\/9157"}],"collection":[{"href":"https:\/\/www.confere.org.br\/wordpress\/wp-json\/wp\/v2\/posts"}],"about":[{"href":"https:\/\/www.confere.org.br\/wordpress\/wp-json\/wp\/v2\/types\/post"}],"author":[{"embeddable":true,"href":"https:\/\/www.confere.org.br\/wordpress\/wp-json\/wp\/v2\/users\/3"}],"replies":[{"embeddable":true,"href":"https:\/\/www.confere.org.br\/wordpress\/wp-json\/wp\/v2\/comments?post=9157"}],"version-history":[{"count":1,"href":"https:\/\/www.confere.org.br\/wordpress\/wp-json\/wp\/v2\/posts\/9157\/revisions"}],"predecessor-version":[{"id":9159,"href":"https:\/\/www.confere.org.br\/wordpress\/wp-json\/wp\/v2\/posts\/9157\/revisions\/9159"}],"wp:attachment":[{"href":"https:\/\/www.confere.org.br\/wordpress\/wp-json\/wp\/v2\/media?parent=9157"}],"wp:term":[{"taxonomy":"category","embeddable":true,"href":"https:\/\/www.confere.org.br\/wordpress\/wp-json\/wp\/v2\/categories?post=9157"},{"taxonomy":"post_tag","embeddable":true,"href":"https:\/\/www.confere.org.br\/wordpress\/wp-json\/wp\/v2\/tags?post=9157"}],"curies":[{"name":"wp","href":"https:\/\/api.w.org\/{rel}","templated":true}]}}