{"id":9176,"date":"2022-10-13T15:07:47","date_gmt":"2022-10-13T18:07:47","guid":{"rendered":"https:\/\/www.confere.org.br\/wordpress\/?p=9176"},"modified":"2022-10-13T15:08:04","modified_gmt":"2022-10-13T18:08:04","slug":"processo-de-inexigibilidade-no-001-2022-locacao-do-auditorio-reuniao-plenaria-2022","status":"publish","type":"post","link":"https:\/\/www.confere.org.br\/wordpress\/processo-de-inexigibilidade-no-001-2022-locacao-do-auditorio-reuniao-plenaria-2022\/","title":{"rendered":"Processo de Inexigibilidade n\u00ba 001\/2022 &#8211; Loca\u00e7\u00e3o do Audit\u00f3rio (Reuni\u00e3o Plen\u00e1ria 2022)"},"content":{"rendered":"","protected":false},"excerpt":{"rendered":"","protected":false},"author":3,"featured_media":0,"comment_status":"closed","ping_status":"closed","sticky":false,"template":"","format":"standard","meta":[],"categories":[55],"tags":[],"_links":{"self":[{"href":"https:\/\/www.confere.org.br\/wordpress\/wp-json\/wp\/v2\/posts\/9176"}],"collection":[{"href":"https:\/\/www.confere.org.br\/wordpress\/wp-json\/wp\/v2\/posts"}],"about":[{"href":"https:\/\/www.confere.org.br\/wordpress\/wp-json\/wp\/v2\/types\/post"}],"author":[{"embeddable":true,"href":"https:\/\/www.confere.org.br\/wordpress\/wp-json\/wp\/v2\/users\/3"}],"replies":[{"embeddable":true,"href":"https:\/\/www.confere.org.br\/wordpress\/wp-json\/wp\/v2\/comments?post=9176"}],"version-history":[{"count":2,"href":"https:\/\/www.confere.org.br\/wordpress\/wp-json\/wp\/v2\/posts\/9176\/revisions"}],"predecessor-version":[{"id":9178,"href":"https:\/\/www.confere.org.br\/wordpress\/wp-json\/wp\/v2\/posts\/9176\/revisions\/9178"}],"wp:attachment":[{"href":"https:\/\/www.confere.org.br\/wordpress\/wp-json\/wp\/v2\/media?parent=9176"}],"wp:term":[{"taxonomy":"category","embeddable":true,"href":"https:\/\/www.confere.org.br\/wordpress\/wp-json\/wp\/v2\/categories?post=9176"},{"taxonomy":"post_tag","embeddable":true,"href":"https:\/\/www.confere.org.br\/wordpress\/wp-json\/wp\/v2\/tags?post=9176"}],"curies":[{"name":"wp","href":"https:\/\/api.w.org\/{rel}","templated":true}]}}