{"id":9179,"date":"2022-10-13T15:10:54","date_gmt":"2022-10-13T18:10:54","guid":{"rendered":"https:\/\/www.confere.org.br\/wordpress\/?p=9179"},"modified":"2022-10-13T15:10:55","modified_gmt":"2022-10-13T18:10:55","slug":"processo-de-inexigibilidade-no-007-2022-congresso-nacional-sobre-atuacao-da-assessoria-juridica-em-licitacoes-e-contratos","status":"publish","type":"post","link":"https:\/\/www.confere.org.br\/wordpress\/processo-de-inexigibilidade-no-007-2022-congresso-nacional-sobre-atuacao-da-assessoria-juridica-em-licitacoes-e-contratos\/","title":{"rendered":"Processo de Inexigibilidade n\u00ba 007\/2022 &#8211; Congresso Nacional sobre atua\u00e7\u00e3o da Assessoria Jur\u00eddica em Licita\u00e7\u00f5es e Contratos"},"content":{"rendered":"","protected":false},"excerpt":{"rendered":"","protected":false},"author":3,"featured_media":0,"comment_status":"closed","ping_status":"closed","sticky":false,"template":"","format":"standard","meta":[],"categories":[55],"tags":[],"_links":{"self":[{"href":"https:\/\/www.confere.org.br\/wordpress\/wp-json\/wp\/v2\/posts\/9179"}],"collection":[{"href":"https:\/\/www.confere.org.br\/wordpress\/wp-json\/wp\/v2\/posts"}],"about":[{"href":"https:\/\/www.confere.org.br\/wordpress\/wp-json\/wp\/v2\/types\/post"}],"author":[{"embeddable":true,"href":"https:\/\/www.confere.org.br\/wordpress\/wp-json\/wp\/v2\/users\/3"}],"replies":[{"embeddable":true,"href":"https:\/\/www.confere.org.br\/wordpress\/wp-json\/wp\/v2\/comments?post=9179"}],"version-history":[{"count":1,"href":"https:\/\/www.confere.org.br\/wordpress\/wp-json\/wp\/v2\/posts\/9179\/revisions"}],"predecessor-version":[{"id":9180,"href":"https:\/\/www.confere.org.br\/wordpress\/wp-json\/wp\/v2\/posts\/9179\/revisions\/9180"}],"wp:attachment":[{"href":"https:\/\/www.confere.org.br\/wordpress\/wp-json\/wp\/v2\/media?parent=9179"}],"wp:term":[{"taxonomy":"category","embeddable":true,"href":"https:\/\/www.confere.org.br\/wordpress\/wp-json\/wp\/v2\/categories?post=9179"},{"taxonomy":"post_tag","embeddable":true,"href":"https:\/\/www.confere.org.br\/wordpress\/wp-json\/wp\/v2\/tags?post=9179"}],"curies":[{"name":"wp","href":"https:\/\/api.w.org\/{rel}","templated":true}]}}