{"id":9187,"date":"2022-10-14T15:34:31","date_gmt":"2022-10-14T18:34:31","guid":{"rendered":"https:\/\/www.confere.org.br\/wordpress\/?p=9187"},"modified":"2022-10-14T15:38:37","modified_gmt":"2022-10-14T18:38:37","slug":"core-sc-em-movimento-2022","status":"publish","type":"post","link":"https:\/\/www.confere.org.br\/wordpress\/core-sc-em-movimento-2022\/","title":{"rendered":"Core-SC em Movimento 2022"},"content":{"rendered":"\n<p>Durante dois dias, o atendimento ser\u00e1 dirigido a representantes comerciais, empresas, ind\u00fastrias, contadores e popula\u00e7\u00e3o em geral, sempre com foco na atividade de Representa\u00e7\u00e3o Comercial.<\/p>\n\n\n\n<p>O Core-SC em Movimento disponibiliza seus principais servi\u00e7os em munic\u00edpios que ficam distantes dos nove pontos de atendimento do Conselho no estado. No primeiro semestre de 2022, Canoinhas e Rio do Sul sediaram o evento. Em novembro, foi a vez de S\u00e3o Miguel receber o posto avan\u00e7ado.<\/p>\n\n\n\n<p><br><strong>Servi\u00e7os oferecidos:<br><\/strong>* Informa\u00e7\u00f5es sobre contratos, rescis\u00e3o, indeniza\u00e7\u00e3o, comiss\u00f5es, negocia\u00e7\u00e3o de d\u00edvida ativa e parcelamentos junto ao Core-SC.<br>* Novos registros, altera\u00e7\u00f5es, cancelamentos de registros, pagamentos, atualiza\u00e7\u00f5es e retiradas de carteiras do Core-SC.<br>* Fiscaliza\u00e7\u00e3o: agente fiscal do Core-SC visita contadores, empresas, ind\u00fastrias e representantes comerciais da regi\u00e3o.<\/p>\n\n\n\n<p><strong><br>Programa\u00e7\u00e3o:<\/strong><\/p>\n\n\n\n<p><strong>Datas e hor\u00e1rios<\/strong>: 09 e 10\/11 (quarta e quinta-feira) \u2013 Atendimento das 9h \u00e0s 12h e das 13h \u00e0s 18h.<\/p>\n\n\n\n<p><strong>Local<\/strong>: Faculdade Senac em Rio do Sul. Rua Visconde de Cair\u00fa, 60, Bairro Santana.<\/p>\n\n\n\n<p><strong>Informa\u00e7\u00f5es<\/strong>: <\/p>\n\n\n\n<p>Delegacia Regional do Core-SC em Blumenau &#8211; coreblumenau@coresc.org.br (47) 3340-4710<\/p>\n\n\n\n<p>WhatsApp (47) 99174-5712.<\/p>\n\n\n\n<p>Fonte: Core-SC<\/p>\n\n\n\n<p><br><\/p>\n","protected":false},"excerpt":{"rendered":"<p>Posto avan\u00e7ado do Conselho ser\u00e1 instalado nos dias 9 e 10 de novembro, em Rio do Sul<\/p>\n","protected":false},"author":3,"featured_media":9188,"comment_status":"closed","ping_status":"closed","sticky":false,"template":"","format":"standard","meta":[],"categories":[34,49,17],"tags":[],"_links":{"self":[{"href":"https:\/\/www.confere.org.br\/wordpress\/wp-json\/wp\/v2\/posts\/9187"}],"collection":[{"href":"https:\/\/www.confere.org.br\/wordpress\/wp-json\/wp\/v2\/posts"}],"about":[{"href":"https:\/\/www.confere.org.br\/wordpress\/wp-json\/wp\/v2\/types\/post"}],"author":[{"embeddable":true,"href":"https:\/\/www.confere.org.br\/wordpress\/wp-json\/wp\/v2\/users\/3"}],"replies":[{"embeddable":true,"href":"https:\/\/www.confere.org.br\/wordpress\/wp-json\/wp\/v2\/comments?post=9187"}],"version-history":[{"count":5,"href":"https:\/\/www.confere.org.br\/wordpress\/wp-json\/wp\/v2\/posts\/9187\/revisions"}],"predecessor-version":[{"id":9193,"href":"https:\/\/www.confere.org.br\/wordpress\/wp-json\/wp\/v2\/posts\/9187\/revisions\/9193"}],"wp:featuredmedia":[{"embeddable":true,"href":"https:\/\/www.confere.org.br\/wordpress\/wp-json\/wp\/v2\/media\/9188"}],"wp:attachment":[{"href":"https:\/\/www.confere.org.br\/wordpress\/wp-json\/wp\/v2\/media?parent=9187"}],"wp:term":[{"taxonomy":"category","embeddable":true,"href":"https:\/\/www.confere.org.br\/wordpress\/wp-json\/wp\/v2\/categories?post=9187"},{"taxonomy":"post_tag","embeddable":true,"href":"https:\/\/www.confere.org.br\/wordpress\/wp-json\/wp\/v2\/tags?post=9187"}],"curies":[{"name":"wp","href":"https:\/\/api.w.org\/{rel}","templated":true}]}}