{"id":9200,"date":"2022-10-17T12:36:16","date_gmt":"2022-10-17T14:36:16","guid":{"rendered":"https:\/\/www.confere.org.br\/wordpress\/?p=9200"},"modified":"2022-10-17T12:46:19","modified_gmt":"2022-10-17T14:46:19","slug":"confere-empossa-diretoria-do-core-pa","status":"publish","type":"post","link":"https:\/\/www.confere.org.br\/wordpress\/confere-empossa-diretoria-do-core-pa\/","title":{"rendered":"Confere empossa Diretoria do Core-PA"},"content":{"rendered":"\n<p>A sess\u00e3o foi presidida pelo diretor-presidente do Confere, Archimedes Cavalcanti J\u00fanior, e secretariada por Izaac Pereira In\u00e1cio, procurador-geral da entidade.<\/p>\n\n\n\n<p>Archimedes agradeceu a colabora\u00e7\u00e3o do Core-PA junto ao Confere, em prol do Sistema Confere\/Cores, enaltecendo a seriedade e comprometimento com que o Regional recebe e ampara seus representantes, reconhecendo \u00e0s a\u00e7\u00f5es de lideran\u00e7a institucional junto ao Conselho Regional e as a\u00e7\u00f5es empresariais que desenvolveu em prol do setor econ\u00f4mico da representa\u00e7\u00e3o comercial no Estado do Par\u00e1: \u201c<em>O Core-PA exerce protagonismo regional e nacionalmente, no \u00e2mbito pol\u00edtico e institucional, como agregador da categoria<\/em>\u201d.<\/p>\n\n\n\n<p>O presidente reeleito, Hely Ricardo de Lima, agradeceu o voto de confian\u00e7a dos representantes comerciais: \u201c<em>Estamos imensamente felizes pela renova\u00e7\u00e3o do nosso mandato. Somos uma Diretoria formada por representantes comerciais para os representantes comerciais, portanto todas as nossas decis\u00f5es compartilhadas, em uma gest\u00e3o transparente, voltada para a categoria. Temos muito a fazer nos pr\u00f3ximos tr\u00eas anos, agora, com mais maturidade e conhecimento<\/em>\u201d.<\/p>\n\n\n\n<p>Rita de C\u00e1ssia de Oliveira, diretora-tesoureira do Core-PA, tamb\u00e9m, agradeceu o apoio dos representantes comerciais. \u201c<em>Estejam certos de que trilhamos por uma gest\u00e3o de responsabilidade e integridade<\/em>\u201d.<\/p>\n\n\n\n<p>Participaram, ainda, por videoconfer\u00eancia, os delegados do Confere: Alexandre Ferreira Lopes, diretor-presidente do Core-MA; Jos\u00e9 Eurico Silva Oliveira, diretor-tesoureiro do Core-MA; Marconi Barros dos Santos, diretor-presidente do Core-PB; Paulo Cesar Nauiack, diretor-presidente do Core-SP; Emerson Natal de Almeida Sousa, diretor-presidente do Core-SE; Douglas Alexandre Sena Lima, diretor-secret\u00e1rio do Core-PE; Davi Aparecido da Silva, diretor-presidente do Core-TO.<\/p>\n\n\n\n<p>\u201c<em>Desejo muito sucesso \u00e0 nova diretoria. O Core-PA \u00e9 refer\u00eancia na qualidade do atendimento prestado ao representante comercial e \u00e0 sociedade<\/em>\u201d.<br>Emerson Natal de Almeida Sousa, diretor-presidente do Core-SE<\/p>\n\n\n\n<p>\u201c<em>Que seja uma gest\u00e3o prof\u00edcua e exitosa<\/em>\u201d.<\/p>\n\n\n\n<p>&nbsp;Paulo Cesar Nauiack, presidente do Core-PR<\/p>\n\n\n\n<p>\u201c<em>Parab\u00e9ns pela continuidade de um trabalho exitoso<\/em>\u201d.<\/p>\n\n\n\n<p>Douglas Alexandre Sena Lima, diretor-secret\u00e1rio do Core-PE<\/p>\n\n\n\n<p><em>\u201cA Diretoria foi reconduzida por sua brilhante atua\u00e7\u00e3o em prol da categoria<\/em>\u201d.<br>Alexandre Ferreira Lopes, diretor-presidente do Core-MA<\/p>\n\n\n\n<p>\u201c<em>Desejo um tri\u00eanio de muito sucesso e trabalho. A categoria dos representantes comerciais \u00e9 a grande vitoriosa nesse processo<\/em>\u201d.<\/p>\n\n\n\n<p>Davi Aparecido da Silva, diretor-presidente do Core-TO<\/p>\n\n\n\n<p>\u201c<em>Hely, desde que chegou no Sistema Confere\/Cores, s\u00f3 tem somado. Ele, Rita e sua diretoria t\u00eam feito a diferen\u00e7a no Core-PA<\/em>\u201d.<\/p>\n\n\n\n<p>Marconi Barros dos Santos, diretor-presidente do Core-PB<\/p>\n\n\n\n<p class=\"has-primary-color has-text-color\"><strong>DIRETORIA EMPOSSADA<\/strong><\/p>\n\n\n\n<p class=\"has-primary-color has-text-color\"><strong>Diretor-Presidente:<\/strong> Hely Ricardo de Lima<\/p>\n\n\n\n<p class=\"has-primary-color has-text-color\"><strong>Diretor-Secret\u00e1rio: <\/strong>Luis Fernando de Sousa Stein<\/p>\n\n\n\n<p class=\"has-primary-color has-text-color\"><strong>Diretora-Tesoureira: <\/strong>Rita de C\u00e1ssia de Oliveira<\/p>\n\n\n\n<p class=\"has-primary-color has-text-color\"><strong>CONSELHEIROS DIRETORES SUPLENTES:<\/strong><\/p>\n\n\n\n<p class=\"has-primary-color has-text-color\"><strong>1\u00ba Diretor Suplente: <\/strong>Julio Martins Eneas<\/p>\n\n\n\n<p class=\"has-primary-color has-text-color\"><strong>2\u00ba Diretor Suplente: <\/strong>Andr\u00e9 Luis Costa Dacier Lobato<\/p>\n\n\n\n<p class=\"has-primary-color has-text-color\"><strong>3\u00ba Diretor Suplente:<\/strong> Sergio Ricardo Lorenz Flores<\/p>\n\n\n\n<p class=\"has-primary-color has-text-color\"><strong>CONSELHEIROS COMPONENTES DA COMISS\u00c3O FISCAL<\/strong><\/p>\n\n\n\n<p class=\"has-primary-color has-text-color\"><strong>Membros Efetivos<\/strong>: Jo\u00e3o Guilherme Lima de Freitas, Raimundo Monteiro Fernandes e <a>Carlos Sebasti\u00e3o Rabelo Sobral<\/a>.<\/p>\n\n\n\n<p class=\"has-primary-color has-text-color\"><strong>DELEGADOS REPRESENTANTES JUNTO AO CONFERE<\/strong><\/p>\n\n\n\n<p class=\"has-primary-color has-text-color\"><strong>Efetivos:<\/strong> Hely Ricardo de Lima e Rita de C\u00e1ssia de Oliveira<\/p>\n\n\n\n<p class=\"has-primary-color has-text-color\"><strong>Suplentes:<\/strong> Raimundo Monteiro Fernandes e Luis Fernando de Sousa Stein<\/p>\n","protected":false},"excerpt":{"rendered":"<p>Em reuni\u00e3o solene, realizada de forma presencial e h\u00edbrida, nesta data (17 de outubro), foi empossada a Diretoria eleita para o Core-PA, no tri\u00eanio 2022\/2025<\/p>\n","protected":false},"author":3,"featured_media":9199,"comment_status":"closed","ping_status":"closed","sticky":false,"template":"","format":"standard","meta":[],"categories":[34,49,17],"tags":[],"_links":{"self":[{"href":"https:\/\/www.confere.org.br\/wordpress\/wp-json\/wp\/v2\/posts\/9200"}],"collection":[{"href":"https:\/\/www.confere.org.br\/wordpress\/wp-json\/wp\/v2\/posts"}],"about":[{"href":"https:\/\/www.confere.org.br\/wordpress\/wp-json\/wp\/v2\/types\/post"}],"author":[{"embeddable":true,"href":"https:\/\/www.confere.org.br\/wordpress\/wp-json\/wp\/v2\/users\/3"}],"replies":[{"embeddable":true,"href":"https:\/\/www.confere.org.br\/wordpress\/wp-json\/wp\/v2\/comments?post=9200"}],"version-history":[{"count":6,"href":"https:\/\/www.confere.org.br\/wordpress\/wp-json\/wp\/v2\/posts\/9200\/revisions"}],"predecessor-version":[{"id":9210,"href":"https:\/\/www.confere.org.br\/wordpress\/wp-json\/wp\/v2\/posts\/9200\/revisions\/9210"}],"wp:featuredmedia":[{"embeddable":true,"href":"https:\/\/www.confere.org.br\/wordpress\/wp-json\/wp\/v2\/media\/9199"}],"wp:attachment":[{"href":"https:\/\/www.confere.org.br\/wordpress\/wp-json\/wp\/v2\/media?parent=9200"}],"wp:term":[{"taxonomy":"category","embeddable":true,"href":"https:\/\/www.confere.org.br\/wordpress\/wp-json\/wp\/v2\/categories?post=9200"},{"taxonomy":"post_tag","embeddable":true,"href":"https:\/\/www.confere.org.br\/wordpress\/wp-json\/wp\/v2\/tags?post=9200"}],"curies":[{"name":"wp","href":"https:\/\/api.w.org\/{rel}","templated":true}]}}