{"id":9224,"date":"2022-10-19T11:03:25","date_gmt":"2022-10-19T13:03:25","guid":{"rendered":"https:\/\/www.confere.org.br\/wordpress\/?p=9224"},"modified":"2022-11-23T13:46:30","modified_gmt":"2022-11-23T16:46:30","slug":"dispensa-eletronica-no-035-2022-assinatura-de-pacotes-de-dados-com-servico-de-acesso-a-internet","status":"publish","type":"post","link":"https:\/\/www.confere.org.br\/wordpress\/dispensa-eletronica-no-035-2022-assinatura-de-pacotes-de-dados-com-servico-de-acesso-a-internet\/","title":{"rendered":"Dispensa Eletr\u00f4nica n\u00ba 035\/2022 &#8211; Assinatura de Pacotes de Dados com Servi\u00e7o de Acesso \u00e0 Internet"},"content":{"rendered":"\n<ul><li><a rel=\"noreferrer noopener\" href=\"https:\/\/www.confere.org.br\/wordpress\/wp-content\/uploads\/2022\/10\/TR_SER_2.pdf\" target=\"_blank\">Termo de Refer\u00eancia<\/a><\/li><li>Link PNCP:\u00a0<a rel=\"noreferrer noopener\" href=\"https:\/\/pncp.gov.br\/app\/editais\/34046367000168\/2022\/35\" target=\"_blank\">https:\/\/pncp.gov.br\/app\/editais\/34046367000168\/2022\/35<\/a><\/li><li><a rel=\"noreferrer noopener\" href=\"https:\/\/www.confere.org.br\/wordpress\/wp-content\/uploads\/2022\/10\/DESPACHO_TR_INTERNET_MOVEL-final.pdf\" target=\"_blank\">Autoriza\u00e7\u00e3o do Presidente para Publica\u00e7\u00e3o<\/a><\/li><li>11\/11\/2022 &#8211; <a href=\"https:\/\/www.confere.org.br\/wordpress\/wp-content\/uploads\/2022\/11\/relatorio_dispensa_389047_352022.pdf\" target=\"_blank\" rel=\"noreferrer noopener\">RELAT\u00d3RIO HOMOLOGADO<\/a><\/li><\/ul>\n","protected":false},"excerpt":{"rendered":"<p>Termo de Refer\u00eancia Link PNCP:\u00a0https:\/\/pncp.gov.br\/app\/editais\/34046367000168\/2022\/35 Autoriza\u00e7\u00e3o do Presidente para Publica\u00e7\u00e3o 11\/11\/2022 &#8211; RELAT\u00d3RIO HOMOLOGADO<\/p>\n","protected":false},"author":3,"featured_media":0,"comment_status":"closed","ping_status":"closed","sticky":false,"template":"","format":"standard","meta":[],"categories":[60],"tags":[],"_links":{"self":[{"href":"https:\/\/www.confere.org.br\/wordpress\/wp-json\/wp\/v2\/posts\/9224"}],"collection":[{"href":"https:\/\/www.confere.org.br\/wordpress\/wp-json\/wp\/v2\/posts"}],"about":[{"href":"https:\/\/www.confere.org.br\/wordpress\/wp-json\/wp\/v2\/types\/post"}],"author":[{"embeddable":true,"href":"https:\/\/www.confere.org.br\/wordpress\/wp-json\/wp\/v2\/users\/3"}],"replies":[{"embeddable":true,"href":"https:\/\/www.confere.org.br\/wordpress\/wp-json\/wp\/v2\/comments?post=9224"}],"version-history":[{"count":3,"href":"https:\/\/www.confere.org.br\/wordpress\/wp-json\/wp\/v2\/posts\/9224\/revisions"}],"predecessor-version":[{"id":9560,"href":"https:\/\/www.confere.org.br\/wordpress\/wp-json\/wp\/v2\/posts\/9224\/revisions\/9560"}],"wp:attachment":[{"href":"https:\/\/www.confere.org.br\/wordpress\/wp-json\/wp\/v2\/media?parent=9224"}],"wp:term":[{"taxonomy":"category","embeddable":true,"href":"https:\/\/www.confere.org.br\/wordpress\/wp-json\/wp\/v2\/categories?post=9224"},{"taxonomy":"post_tag","embeddable":true,"href":"https:\/\/www.confere.org.br\/wordpress\/wp-json\/wp\/v2\/tags?post=9224"}],"curies":[{"name":"wp","href":"https:\/\/api.w.org\/{rel}","templated":true}]}}