{"id":9229,"date":"2022-10-19T16:15:16","date_gmt":"2022-10-19T18:15:16","guid":{"rendered":"https:\/\/www.confere.org.br\/wordpress\/?p=9229"},"modified":"2022-10-19T16:17:03","modified_gmt":"2022-10-19T18:17:03","slug":"pix-e-principal-forma-de-pagamentos-recebidos-por-meis-e-pmes-diz-estudo","status":"publish","type":"post","link":"https:\/\/www.confere.org.br\/wordpress\/pix-e-principal-forma-de-pagamentos-recebidos-por-meis-e-pmes-diz-estudo\/","title":{"rendered":"PIX \u00e9 principal forma de pagamentos recebidos por MEIs e PMEs, diz estudo"},"content":{"rendered":"\n<p>O PIX j\u00e1 \u00e9 o meio de pagamento mais utilizado pelos clientes dos pequenos neg\u00f3cios. A ferramenta digital \u00e9 a principal forma de recebimento para 42% dos empreendedores e est\u00e1 \u00e0 frente de outras modalidades como dinheiro e cart\u00f5es de cr\u00e9dito e d\u00e9bito. As informa\u00e7\u00f5es s\u00e3o de uma pesquisa realizada pelo&nbsp;<a href=\"https:\/\/g1.globo.com\/tudo-sobre\/sebrae\/\">Sebrae<\/a>&nbsp;e o Instituto Brasileiro de Geografia e Estat\u00edstica (<a href=\"https:\/\/g1.globo.com\/tudo-sobre\/ibge\/\">IBGE<\/a>).<\/p>\n\n\n\n<p>A primeira edi\u00e7\u00e3o do levantamento ouviu, entre o fim de agosto e as duas primeiras semanas de setembro, mais de 6 mil empres\u00e1rios de todos os estados brasileiros e do Distrito Federal.<\/p>\n\n\n\n<p>Separados por porte, o PIX teve seu melhor desempenho entre os MEIs: 51% deles afirmam que esse \u00e9 principal meio de pagamento utilizado em suas vendas. Entre as micro e pequenas empresas, o PIX \u00e9 o principal meio para 28% dos entrevistados, quantidade bem pr\u00f3xima \u00e0 do cart\u00e3o de cr\u00e9dito, que corresponde a 30%.<\/p>\n\n\n\n<p>\u201cJ\u00e1 hav\u00edamos percebido esse movimento de crescimento do PIX em pesquisas anteriores e, agora, constatamos que o meio digital vem ocupando, cada vez mais, lugar de destaque entre as formas de pagamento usadas pelos empreendedores\u201d, destaca o presidente do Sebrae, Carlos Melles.<\/p>\n\n\n\n<p>Levantamento realizado pelo Sebrae no in\u00edcio do ano j\u00e1 havia detectado que 9 em cada 10 empreendedores de pequeno porte j\u00e1 estavam aceitando pagamentos via PIX.<\/p>\n\n\n\n<p><br><strong>Microempreendedor Individual (MEI)<\/strong><\/p>\n\n\n\n<ul><li>PIX \u2013 51%<\/li><li>Dinheiro \u2013 15%<\/li><li>Cart\u00e3o de cr\u00e9dito \u2013 20%<\/li><li>Cart\u00e3o de d\u00e9bito \u2013 5%<\/li><li>Outro \u2013 9%<\/li><\/ul>\n\n\n\n<p><br><strong>Microempresa<\/strong><\/p>\n\n\n\n<ul><li>PIX \u2013 28%<\/li><li>Dinheiro \u2013 10%<\/li><li>Cart\u00e3o de cr\u00e9dito \u2013 30%<\/li><li>Cart\u00e3o de d\u00e9bito \u2013 9%<\/li><li>Outro \u2013 23%<\/li><\/ul>\n\n\n\n<p><br><strong>Pequena Empresa<\/strong><\/p>\n\n\n\n<ul><li>PIX \u2013 42%<\/li><li>Dinheiro \u2013 13%<\/li><li>Cart\u00e3o de cr\u00e9dito \u2013 23%<\/li><li>Cart\u00e3o de d\u00e9bito \u2013 7%<\/li><li>Outro \u2013 15%<\/li><\/ul>\n\n\n\n<p><br><br>Fonte: <a href=\"https:\/\/g1.globo.com\/empreendedorismo\/noticia\/2022\/10\/19\/pix-e-principal-forma-de-pagamentos-recebidos-por-meis-e-pmes-diz-estudo.ghtml\" target=\"_blank\" rel=\"noreferrer noopener\">www.g1.globo.com<\/a><\/p>\n","protected":false},"excerpt":{"rendered":"<p>Pesquisa do Sebrae e IBGE mostra que os microempreendedores individuais s\u00e3o os que mais recebem pagamento via PIX: de cada 10, 5 t\u00eam no PIX a principal forma de recebimento.<\/p>\n","protected":false},"author":3,"featured_media":3616,"comment_status":"closed","ping_status":"closed","sticky":false,"template":"","format":"standard","meta":[],"categories":[2],"tags":[],"_links":{"self":[{"href":"https:\/\/www.confere.org.br\/wordpress\/wp-json\/wp\/v2\/posts\/9229"}],"collection":[{"href":"https:\/\/www.confere.org.br\/wordpress\/wp-json\/wp\/v2\/posts"}],"about":[{"href":"https:\/\/www.confere.org.br\/wordpress\/wp-json\/wp\/v2\/types\/post"}],"author":[{"embeddable":true,"href":"https:\/\/www.confere.org.br\/wordpress\/wp-json\/wp\/v2\/users\/3"}],"replies":[{"embeddable":true,"href":"https:\/\/www.confere.org.br\/wordpress\/wp-json\/wp\/v2\/comments?post=9229"}],"version-history":[{"count":1,"href":"https:\/\/www.confere.org.br\/wordpress\/wp-json\/wp\/v2\/posts\/9229\/revisions"}],"predecessor-version":[{"id":9230,"href":"https:\/\/www.confere.org.br\/wordpress\/wp-json\/wp\/v2\/posts\/9229\/revisions\/9230"}],"wp:featuredmedia":[{"embeddable":true,"href":"https:\/\/www.confere.org.br\/wordpress\/wp-json\/wp\/v2\/media\/3616"}],"wp:attachment":[{"href":"https:\/\/www.confere.org.br\/wordpress\/wp-json\/wp\/v2\/media?parent=9229"}],"wp:term":[{"taxonomy":"category","embeddable":true,"href":"https:\/\/www.confere.org.br\/wordpress\/wp-json\/wp\/v2\/categories?post=9229"},{"taxonomy":"post_tag","embeddable":true,"href":"https:\/\/www.confere.org.br\/wordpress\/wp-json\/wp\/v2\/tags?post=9229"}],"curies":[{"name":"wp","href":"https:\/\/api.w.org\/{rel}","templated":true}]}}