{"id":9245,"date":"2022-10-21T12:23:45","date_gmt":"2022-10-21T14:23:45","guid":{"rendered":"https:\/\/www.confere.org.br\/wordpress\/?p=9245"},"modified":"2022-10-21T12:23:46","modified_gmt":"2022-10-21T14:23:46","slug":"conselho-levara-servicos-ao-interior-do-ceara-no-expresso-core-ce","status":"publish","type":"post","link":"https:\/\/www.confere.org.br\/wordpress\/conselho-levara-servicos-ao-interior-do-ceara-no-expresso-core-ce\/","title":{"rendered":"Conselho levar\u00e1 servi\u00e7os ao interior do Cear\u00e1 no \u201cExpresso Core-CE\u201d"},"content":{"rendered":"\n<p>Com o objetivo de descentralizar o atendimento aos representantes comerciais, o Conselho de Representantes Comerciais no Estado do Cear\u00e1 (Core-CE) realiza, no pr\u00f3ximo m\u00eas de novembro, o projeto itinerante \u201cExpresso Core-CE\u201d. <\/p>\n\n\n\n<p>A primeira edi\u00e7\u00e3o deve acontecer no munic\u00edpio de Juazeiro do Norte, na regi\u00e3o do Cariri. A expectativa \u00e9 reunir representantes dos mais variados segmentos em tr\u00eas dias de atendimento.<\/p>\n\n\n\n<p><em>\u201cNosso objetivo \u00e9 realizar uma grande oferta de servi\u00e7os para atender aos profissionais, sobretudo aqueles que t\u00eam dificuldades em se deslocar at\u00e9 capita<\/em>l&#8221;, explica o presidente do Core-CE, Philomeno Gomes.\u00a0<\/p>\n\n\n\n<p>Para isso, uma equipe t\u00e9cnica dos diversos setores da institui\u00e7\u00e3o ser\u00e1 deslocada para o atendimento. Ainda h\u00e1 a previs\u00e3o de articula\u00e7\u00e3o junto ao Sebrae e a CDL da regi\u00e3o para a\u00e7\u00f5es voltadas aos representantes comerciais.\u00a0<\/p>\n\n\n\n<p>Fonte: Core-CE<\/p>\n","protected":false},"excerpt":{"rendered":"<p>A programa\u00e7\u00e3o inclui atendimentos relacionados a novos registros, fiscaliza\u00e7\u00e3o e regulariza\u00e7\u00e3o. Tamb\u00e9m est\u00e3o previstas a realiza\u00e7\u00e3o de visitas institucionais \u00e0 distribuidoras instaladas na regi\u00e3o.<\/p>\n","protected":false},"author":3,"featured_media":9246,"comment_status":"closed","ping_status":"closed","sticky":false,"template":"","format":"standard","meta":[],"categories":[34,49,17],"tags":[],"_links":{"self":[{"href":"https:\/\/www.confere.org.br\/wordpress\/wp-json\/wp\/v2\/posts\/9245"}],"collection":[{"href":"https:\/\/www.confere.org.br\/wordpress\/wp-json\/wp\/v2\/posts"}],"about":[{"href":"https:\/\/www.confere.org.br\/wordpress\/wp-json\/wp\/v2\/types\/post"}],"author":[{"embeddable":true,"href":"https:\/\/www.confere.org.br\/wordpress\/wp-json\/wp\/v2\/users\/3"}],"replies":[{"embeddable":true,"href":"https:\/\/www.confere.org.br\/wordpress\/wp-json\/wp\/v2\/comments?post=9245"}],"version-history":[{"count":1,"href":"https:\/\/www.confere.org.br\/wordpress\/wp-json\/wp\/v2\/posts\/9245\/revisions"}],"predecessor-version":[{"id":9247,"href":"https:\/\/www.confere.org.br\/wordpress\/wp-json\/wp\/v2\/posts\/9245\/revisions\/9247"}],"wp:featuredmedia":[{"embeddable":true,"href":"https:\/\/www.confere.org.br\/wordpress\/wp-json\/wp\/v2\/media\/9246"}],"wp:attachment":[{"href":"https:\/\/www.confere.org.br\/wordpress\/wp-json\/wp\/v2\/media?parent=9245"}],"wp:term":[{"taxonomy":"category","embeddable":true,"href":"https:\/\/www.confere.org.br\/wordpress\/wp-json\/wp\/v2\/categories?post=9245"},{"taxonomy":"post_tag","embeddable":true,"href":"https:\/\/www.confere.org.br\/wordpress\/wp-json\/wp\/v2\/tags?post=9245"}],"curies":[{"name":"wp","href":"https:\/\/api.w.org\/{rel}","templated":true}]}}