{"id":9250,"date":"2022-10-21T17:34:26","date_gmt":"2022-10-21T19:34:26","guid":{"rendered":"https:\/\/www.confere.org.br\/wordpress\/?p=9250"},"modified":"2022-10-21T17:35:49","modified_gmt":"2022-10-21T19:35:49","slug":"5g-colaboracao-entre-empresas-na-busca-por-solucoes-ao-consumidor-e-atalho-competitivo-dizem-executivos","status":"publish","type":"post","link":"https:\/\/www.confere.org.br\/wordpress\/5g-colaboracao-entre-empresas-na-busca-por-solucoes-ao-consumidor-e-atalho-competitivo-dizem-executivos\/","title":{"rendered":"5G: colabora\u00e7\u00e3o entre empresas na busca por solu\u00e7\u00f5es ao consumidor \u00e9 atalho competitivo, dizem executivos"},"content":{"rendered":"\n<p>O 5G abriu um leque de oportunidades \u00e0s operadoras de telefonia, as respons\u00e1veis por levar aos consumidores o sinal ultraveloz de internet. Mas tamb\u00e9m gerou concorr\u00eancia, um desafio que embaralha as perspectivas do neg\u00f3cio.<\/p>\n\n\n\n<p>\u201cO 5G \u00e9 uma rede que vai englobar metaverso, e coisas que ainda nem conhecemos. As operadoras v\u00e3o fornecer o sinal, mas \u00e9 preciso muito mais que isso\u201d, disse Rodrigo Dienstmann, presidente da Ericsson na Am\u00e9rica do Sul, durante painel do Futurecom, evento de tecnologia realizado na capital paulista nesta semana.<\/p>\n\n\n\n<p>Diante da competi\u00e7\u00e3o por um \u201clugar ao sol\u201d neste amplo mercado, as operadoras de telefonia decidiram agir. Alexandre Gomes, diretor de Marketing da Claro, afirma que seu \u201cmapa de competidores, de fato, aumentou\u201d.<\/p>\n\n\n\n<p>\u201cNosso\u00a0<em>core<\/em>\u00a0\u00e9 telecom, mas a gente vem trabalhando em portf\u00f3lio de solu\u00e7\u00f5es digitais. Parte dele desenvolvemos internamente, outra fatia buscamos em parcerias e alian\u00e7as. Entendemos que queremos ser provedores de servi\u00e7os digitais\u201d, explicou Gomes ao\u00a0<strong>InfoMoney<\/strong>.<\/p>\n\n\n\n<p>Ainda para Gomes, o 5G for\u00e7a um olhar \u201cpara dentro do ecossistema do nosso cliente e dos parceiros dele\u201d. E completa: \u201cesse \u00e9 o papel do habilitador e s\u00e3o as novas habilidades e compet\u00eancias que estamos buscando aprimorar. Ao fazer isso, com certeza, esbarramos no espa\u00e7o de alguma outra empresa, da mesma maneira que elas ocupam nosso espa\u00e7o.\u201d<\/p>\n\n\n\n<p>Nesse sentido, a Claro diz apostar em parcerias. Um exemplo \u00e9 um rob\u00f4 AGV (ve\u00edculo autoguiado), operado com o 5G da Claro na f\u00e1brica da Nestl\u00e9, em Ca\u00e7apava (SP). O rob\u00f4 move pe\u00e7as e busca aumentar a produtividade, a efici\u00eancia e a autonomia dos colaboradores. Resultados desses testes ser\u00e3o divulgados em breve pela empresa.<\/p>\n\n\n\n<p>\u201cOpero como habilitador: n\u00e3o forne\u00e7o o rob\u00f4, e a Nestl\u00e9 \u00e9 uma empresa de bens de consumo, mas eu garanto o sinal 5G para que o rob\u00f4 opere de forma r\u00e1pida e com baixa lat\u00eancia\u201d, afirma Gomes.<\/p>\n\n\n\n<p>A colabora\u00e7\u00e3o \u00e9 vista como crucial para o desenvolvimento do 5G, diz Debora Bortolasi, diretora de Opera\u00e7\u00f5es Comerciais B2B da Vivo. \u201cA transforma\u00e7\u00e3o digital da companhia \u00e9 necess\u00e1ria com a conectividade como base, mas tamb\u00e9m construindo um ecossistema integrado para proporcionar novos servi\u00e7os aos clientes\u201d.<\/p>\n\n\n\n<p>Bortolasi acredita que o 5G deve mudar a maneira como nos relacionamos e como empresas em geral se posicionam. \u201cA integra\u00e7\u00e3o vai ser fundamental. \u00c9 o momento de trabalhar junto e entender as melhores pr\u00e1ticas\u201d.<\/p>\n\n\n\n<p>A Vivo fez um projeto com a mineradora Vale numa de suas minas, em Caraj\u00e1s, no Par\u00e1, automatizando uma frota de caminh\u00f5es para a circula\u00e7\u00e3o em espa\u00e7os de dif\u00edcil acesso, com o objetivo de tirar funcion\u00e1rios dessas \u00e1reas e tornar a movimenta\u00e7\u00e3o no local mais sustent\u00e1vel.<\/p>\n\n\n\n<p>\u201cO 5G ser\u00e1 um sistema operacional global onde empresas v\u00e3o se unir a operadoras para oferecer novos recursos, capacidades, solu\u00e7\u00f5es, produtos e servi\u00e7os\u201d, projeta Rodrigo Dienstmann, da Ericsson.<\/p>\n\n\n\n<h4><br>Desafios<\/h4>\n\n\n\n<p>Clayton Cruz, presidente para Am\u00e9rica Latina e Caribe da Amdocs, empresa especializada em software e servi\u00e7os, ressalta que as maiores oportunidades de neg\u00f3cios do 5G est\u00e3o no fornecimento da tecnologia \u00e0s empresas.<\/p>\n\n\n\n<p>No entanto, segundo Cruz, os desafios recaem na infraestrutura.<\/p>\n\n\n\n<p>\u201cToda a infraestrutura de tecnologia da informa\u00e7\u00e3o, da seguran\u00e7a e de softwares no pa\u00eds ainda \u00e9 hospedada em 3G ou 4G. Todas essas fatias da ind\u00fastria tamb\u00e9m precisam se automatizar e modernizar para que seja poss\u00edvel entregar servi\u00e7os e produtos com agilidade no \u00e2mbito do 5G\u201d, explica.<\/p>\n\n\n\n<p>\u201cO 5G vem sendo discutido com in\u00fameras aplica\u00e7\u00f5es: para o setor de varejo, realidade virtual e realidade aumentada. Mas n\u00e3o podemos esquecer da necessidade de infraestrutura para suportar e apoiar a cobertura diante de um novo volume de dados tamb\u00e9m\u201d, acrescenta Debora Bortolasi, da Vivo.<\/p>\n\n\n\n<p>Segundo Bortolasi, esse ecossistema integrado pode fazer com que uma c\u00e2mera em uma f\u00e1brica analise uma imagem, como um funcion\u00e1rio fazendo uso de um equipamento de seguran\u00e7a mal encaixado, processe automaticamente uma resposta e fa\u00e7a um alerta, por exemplo.<\/p>\n\n\n\n<p>\u201cEstamos em um cen\u00e1rio de experimenta\u00e7\u00e3o. Precisamos aproveitar o momento para testar e ir nos desenvolvendo enquanto ind\u00fastria para superar todos os desafios\u201d, finaliza a executiva da Vivo.<\/p>\n\n\n\n<p><br><br>Fonte: <a href=\"https:\/\/www.infomoney.com.br\/consumo\/5g-colaboracao-entre-empresas-na-busca-por-solucoes-ao-consumidor-e-atalho-competitivo-dizem-executivos\/\" target=\"_blank\" rel=\"noreferrer noopener\">InfoMoney<\/a><\/p>\n","protected":false},"excerpt":{"rendered":"<p>Tecnologia depender\u00e1 de infraestrutura para suportar e apoiar um novo volume de dados<\/p>\n","protected":false},"author":3,"featured_media":9251,"comment_status":"closed","ping_status":"closed","sticky":false,"template":"","format":"standard","meta":[],"categories":[2],"tags":[],"_links":{"self":[{"href":"https:\/\/www.confere.org.br\/wordpress\/wp-json\/wp\/v2\/posts\/9250"}],"collection":[{"href":"https:\/\/www.confere.org.br\/wordpress\/wp-json\/wp\/v2\/posts"}],"about":[{"href":"https:\/\/www.confere.org.br\/wordpress\/wp-json\/wp\/v2\/types\/post"}],"author":[{"embeddable":true,"href":"https:\/\/www.confere.org.br\/wordpress\/wp-json\/wp\/v2\/users\/3"}],"replies":[{"embeddable":true,"href":"https:\/\/www.confere.org.br\/wordpress\/wp-json\/wp\/v2\/comments?post=9250"}],"version-history":[{"count":2,"href":"https:\/\/www.confere.org.br\/wordpress\/wp-json\/wp\/v2\/posts\/9250\/revisions"}],"predecessor-version":[{"id":9253,"href":"https:\/\/www.confere.org.br\/wordpress\/wp-json\/wp\/v2\/posts\/9250\/revisions\/9253"}],"wp:featuredmedia":[{"embeddable":true,"href":"https:\/\/www.confere.org.br\/wordpress\/wp-json\/wp\/v2\/media\/9251"}],"wp:attachment":[{"href":"https:\/\/www.confere.org.br\/wordpress\/wp-json\/wp\/v2\/media?parent=9250"}],"wp:term":[{"taxonomy":"category","embeddable":true,"href":"https:\/\/www.confere.org.br\/wordpress\/wp-json\/wp\/v2\/categories?post=9250"},{"taxonomy":"post_tag","embeddable":true,"href":"https:\/\/www.confere.org.br\/wordpress\/wp-json\/wp\/v2\/tags?post=9250"}],"curies":[{"name":"wp","href":"https:\/\/api.w.org\/{rel}","templated":true}]}}