{"id":9283,"date":"2022-10-24T15:48:29","date_gmt":"2022-10-24T18:48:29","guid":{"rendered":"https:\/\/www.confere.org.br\/wordpress\/?p=9283"},"modified":"2022-11-01T15:44:48","modified_gmt":"2022-11-01T18:44:48","slug":"dispensa-eletronica-no-037-2022-contratacao-do-servico-de-promocao-e-organizacao-de-eventos","status":"publish","type":"post","link":"https:\/\/www.confere.org.br\/wordpress\/dispensa-eletronica-no-037-2022-contratacao-do-servico-de-promocao-e-organizacao-de-eventos\/","title":{"rendered":"Dispensa Eletr\u00f4nica n\u00ba 037\/2022 &#8211; Contrata\u00e7\u00e3o do servi\u00e7o de promo\u00e7\u00e3o e organiza\u00e7\u00e3o de eventos"},"content":{"rendered":"<ul>\n<li class=\"x_ContentPasted0\"><a href=\"https:\/\/www.confere.org.br\/wordpress\/wp-content\/uploads\/2022\/10\/TR_-37_2022.pdf\" target=\"_blank\" rel=\"noopener\">Termo de Refer\u00eancia<\/a><\/li>\n<li class=\"x_ContentPasted0\"><a href=\"https:\/\/www.confere.org.br\/wordpress\/wp-content\/uploads\/2022\/10\/APROVACAO-37-2022.pdf\" target=\"_blank\" rel=\"noopener\">Autoriza\u00e7\u00e3o do Ordenador de Despensa para Publica\u00e7\u00e3o<\/a><\/li>\n<li class=\"x_ContentPasted0\">Link PNCP:\u00a0<a id=\"LPNoLPOWALinkPreview\" href=\"https:\/\/pncp.gov.br\/app\/editais\/34046367000168\/2022\/36\" target=\"_blank\" rel=\"noopener noreferrer\" data-auth=\"NotApplicable\" data-safelink=\"true\" data-linkindex=\"0\">https:\/\/pncp.gov.br\/app\/editais\/34046367000168\/2022\/36<\/a><\/li>\n<\/ul>\n","protected":false},"excerpt":{"rendered":"<p>Termo de Refer\u00eancia Autoriza\u00e7\u00e3o do Ordenador de Despensa para Publica\u00e7\u00e3o Link PNCP:\u00a0https:\/\/pncp.gov.br\/app\/editais\/34046367000168\/2022\/36<\/p>\n","protected":false},"author":3,"featured_media":0,"comment_status":"closed","ping_status":"closed","sticky":false,"template":"","format":"standard","meta":[],"categories":[60],"tags":[],"_links":{"self":[{"href":"https:\/\/www.confere.org.br\/wordpress\/wp-json\/wp\/v2\/posts\/9283"}],"collection":[{"href":"https:\/\/www.confere.org.br\/wordpress\/wp-json\/wp\/v2\/posts"}],"about":[{"href":"https:\/\/www.confere.org.br\/wordpress\/wp-json\/wp\/v2\/types\/post"}],"author":[{"embeddable":true,"href":"https:\/\/www.confere.org.br\/wordpress\/wp-json\/wp\/v2\/users\/3"}],"replies":[{"embeddable":true,"href":"https:\/\/www.confere.org.br\/wordpress\/wp-json\/wp\/v2\/comments?post=9283"}],"version-history":[{"count":5,"href":"https:\/\/www.confere.org.br\/wordpress\/wp-json\/wp\/v2\/posts\/9283\/revisions"}],"predecessor-version":[{"id":9296,"href":"https:\/\/www.confere.org.br\/wordpress\/wp-json\/wp\/v2\/posts\/9283\/revisions\/9296"}],"wp:attachment":[{"href":"https:\/\/www.confere.org.br\/wordpress\/wp-json\/wp\/v2\/media?parent=9283"}],"wp:term":[{"taxonomy":"category","embeddable":true,"href":"https:\/\/www.confere.org.br\/wordpress\/wp-json\/wp\/v2\/categories?post=9283"},{"taxonomy":"post_tag","embeddable":true,"href":"https:\/\/www.confere.org.br\/wordpress\/wp-json\/wp\/v2\/tags?post=9283"}],"curies":[{"name":"wp","href":"https:\/\/api.w.org\/{rel}","templated":true}]}}