{"id":9303,"date":"2022-10-26T09:20:35","date_gmt":"2022-10-26T12:20:35","guid":{"rendered":"https:\/\/www.confere.org.br\/wordpress\/?p=9303"},"modified":"2022-11-18T10:06:06","modified_gmt":"2022-11-18T13:06:06","slug":"2009-resolucao-no-578-2009","status":"publish","type":"post","link":"https:\/\/www.confere.org.br\/wordpress\/2009-resolucao-no-578-2009\/","title":{"rendered":"2009 &#8211; Resolu\u00e7\u00e3o n\u00ba 578\/2009"},"content":{"rendered":"\n<p>Aprova o Regulamento Eleitoral espec\u00edfico para casos excepcionais de elei\u00e7\u00e3o pelo voto direto para os Conselhos Regionais dos Representantes Comerciais.<\/p>\n<p><a href=\"https:\/\/www.confere.org.br\/wordpress\/wp-content\/uploads\/2022\/10\/Res-578.pdf\" target=\"_blank\" rel=\"noopener\">https:\/\/www.confere.org.br\/wordpress\/wp-content\/uploads\/2022\/10\/Res-578.pdf<\/a><\/p>\n<p>&nbsp;<\/p>\n\n\n","protected":false},"excerpt":{"rendered":"<p>578, Resolu\u00e7\u00e3o, https:\/\/www.confere.org.br\/wordpress\/wp-content\/uploads\/2022\/10\/Res-578.pdf<\/p>\n","protected":false},"author":3,"featured_media":0,"comment_status":"closed","ping_status":"closed","sticky":false,"template":"","format":"standard","meta":[],"categories":[18,52],"tags":[],"_links":{"self":[{"href":"https:\/\/www.confere.org.br\/wordpress\/wp-json\/wp\/v2\/posts\/9303"}],"collection":[{"href":"https:\/\/www.confere.org.br\/wordpress\/wp-json\/wp\/v2\/posts"}],"about":[{"href":"https:\/\/www.confere.org.br\/wordpress\/wp-json\/wp\/v2\/types\/post"}],"author":[{"embeddable":true,"href":"https:\/\/www.confere.org.br\/wordpress\/wp-json\/wp\/v2\/users\/3"}],"replies":[{"embeddable":true,"href":"https:\/\/www.confere.org.br\/wordpress\/wp-json\/wp\/v2\/comments?post=9303"}],"version-history":[{"count":2,"href":"https:\/\/www.confere.org.br\/wordpress\/wp-json\/wp\/v2\/posts\/9303\/revisions"}],"predecessor-version":[{"id":9490,"href":"https:\/\/www.confere.org.br\/wordpress\/wp-json\/wp\/v2\/posts\/9303\/revisions\/9490"}],"wp:attachment":[{"href":"https:\/\/www.confere.org.br\/wordpress\/wp-json\/wp\/v2\/media?parent=9303"}],"wp:term":[{"taxonomy":"category","embeddable":true,"href":"https:\/\/www.confere.org.br\/wordpress\/wp-json\/wp\/v2\/categories?post=9303"},{"taxonomy":"post_tag","embeddable":true,"href":"https:\/\/www.confere.org.br\/wordpress\/wp-json\/wp\/v2\/tags?post=9303"}],"curies":[{"name":"wp","href":"https:\/\/api.w.org\/{rel}","templated":true}]}}