{"id":9308,"date":"2022-10-27T08:58:39","date_gmt":"2022-10-27T11:58:39","guid":{"rendered":"https:\/\/www.confere.org.br\/wordpress\/?p=9308"},"modified":"2022-10-27T08:58:41","modified_gmt":"2022-10-27T11:58:41","slug":"processo-de-licitacao-no-003-2022-contratacao-de-servico-de-transporte-e-armazenamento-externo-de-hds","status":"publish","type":"post","link":"https:\/\/www.confere.org.br\/wordpress\/processo-de-licitacao-no-003-2022-contratacao-de-servico-de-transporte-e-armazenamento-externo-de-hds\/","title":{"rendered":"Processo de Licita\u00e7\u00e3o n\u00ba 003\/2022 &#8211; Contrata\u00e7\u00e3o de servi\u00e7o de transporte e armazenamento externo de HDs"},"content":{"rendered":"\n<p>Contrata\u00e7\u00e3o Revogada.<\/p>\n","protected":false},"excerpt":{"rendered":"<p>Contrata\u00e7\u00e3o Revogada.<\/p>\n","protected":false},"author":3,"featured_media":0,"comment_status":"closed","ping_status":"closed","sticky":false,"template":"","format":"standard","meta":[],"categories":[32],"tags":[],"_links":{"self":[{"href":"https:\/\/www.confere.org.br\/wordpress\/wp-json\/wp\/v2\/posts\/9308"}],"collection":[{"href":"https:\/\/www.confere.org.br\/wordpress\/wp-json\/wp\/v2\/posts"}],"about":[{"href":"https:\/\/www.confere.org.br\/wordpress\/wp-json\/wp\/v2\/types\/post"}],"author":[{"embeddable":true,"href":"https:\/\/www.confere.org.br\/wordpress\/wp-json\/wp\/v2\/users\/3"}],"replies":[{"embeddable":true,"href":"https:\/\/www.confere.org.br\/wordpress\/wp-json\/wp\/v2\/comments?post=9308"}],"version-history":[{"count":1,"href":"https:\/\/www.confere.org.br\/wordpress\/wp-json\/wp\/v2\/posts\/9308\/revisions"}],"predecessor-version":[{"id":9309,"href":"https:\/\/www.confere.org.br\/wordpress\/wp-json\/wp\/v2\/posts\/9308\/revisions\/9309"}],"wp:attachment":[{"href":"https:\/\/www.confere.org.br\/wordpress\/wp-json\/wp\/v2\/media?parent=9308"}],"wp:term":[{"taxonomy":"category","embeddable":true,"href":"https:\/\/www.confere.org.br\/wordpress\/wp-json\/wp\/v2\/categories?post=9308"},{"taxonomy":"post_tag","embeddable":true,"href":"https:\/\/www.confere.org.br\/wordpress\/wp-json\/wp\/v2\/tags?post=9308"}],"curies":[{"name":"wp","href":"https:\/\/api.w.org\/{rel}","templated":true}]}}