{"id":9311,"date":"2022-10-27T09:02:38","date_gmt":"2022-10-27T12:02:38","guid":{"rendered":"https:\/\/www.confere.org.br\/wordpress\/?p=9311"},"modified":"2022-12-01T16:06:33","modified_gmt":"2022-12-01T19:06:33","slug":"processo-de-licitacao-no-010-2022-contratacao-de-empresa-especializada-na-promocao-e-realizacao-de-eventos","status":"publish","type":"post","link":"https:\/\/www.confere.org.br\/wordpress\/processo-de-licitacao-no-010-2022-contratacao-de-empresa-especializada-na-promocao-e-realizacao-de-eventos\/","title":{"rendered":"Processo de Licita\u00e7\u00e3o n\u00ba 010\/2022 &#8211; Contrata\u00e7\u00e3o de empresa especializada na promo\u00e7\u00e3o e realiza\u00e7\u00e3o de eventos"},"content":{"rendered":"\n<ul><li><a href=\"https:\/\/www.confere.org.br\/wordpress\/wp-content\/uploads\/2022\/11\/EDITAL_timbrado_vs_final_assinado_-1.pdf\">EDITAL &#8211; PREG\u00c3O ELETR\u00d4NICO N\u00ba 11\/2022 &#8211; SRP<\/a><\/li><li><a rel=\"noreferrer noopener\" href=\"https:\/\/www.confere.org.br\/wordpress\/wp-content\/uploads\/2022\/11\/INPDFViewer.pdf\" target=\"_blank\">Publica\u00e7\u00e3o no DOU<\/a><\/li><li><a rel=\"noreferrer noopener\" href=\"https:\/\/www.confere.org.br\/wordpress\/wp-content\/uploads\/2022\/11\/RESULTADO-POR-FORNECEDOR-COMPRAS.GOV_.pdf\" target=\"_blank\">RELAT\u00d3RIO DE RESULTADO POR FORNECEDOR &#8211; COMPRAS.GOV<\/a><\/li><li><a rel=\"noreferrer noopener\" href=\"https:\/\/www.confere.org.br\/wordpress\/wp-content\/uploads\/2022\/11\/TERMO-DE-ADJUDICACAO-COMPRAS.GOV_.pdf\" target=\"_blank\">TERMO DE ADJUDICA\u00c7\u00c3O &#8211; COMPRAS.GOV<\/a><\/li><li><a href=\"https:\/\/www.confere.org.br\/wordpress\/wp-content\/uploads\/2022\/12\/Compras-gov-br-EVENTOS-1.pdf\" target=\"_blank\" rel=\"noreferrer noopener\">TERMO DE HOMOLOGA\u00c7\u00c3O<\/a><\/li><\/ul>\n\n\n","protected":false},"excerpt":{"rendered":"<p>EDITAL &#8211; PREG\u00c3O ELETR\u00d4NICO N\u00ba 11\/2022 &#8211; SRP Publica\u00e7\u00e3o no DOU RELAT\u00d3RIO DE RESULTADO POR FORNECEDOR &#8211; COMPRAS.GOV TERMO DE ADJUDICA\u00c7\u00c3O &#8211; COMPRAS.GOV TERMO DE HOMOLOGA\u00c7\u00c3O<\/p>\n","protected":false},"author":3,"featured_media":0,"comment_status":"closed","ping_status":"closed","sticky":false,"template":"","format":"standard","meta":[],"categories":[32],"tags":[],"_links":{"self":[{"href":"https:\/\/www.confere.org.br\/wordpress\/wp-json\/wp\/v2\/posts\/9311"}],"collection":[{"href":"https:\/\/www.confere.org.br\/wordpress\/wp-json\/wp\/v2\/posts"}],"about":[{"href":"https:\/\/www.confere.org.br\/wordpress\/wp-json\/wp\/v2\/types\/post"}],"author":[{"embeddable":true,"href":"https:\/\/www.confere.org.br\/wordpress\/wp-json\/wp\/v2\/users\/3"}],"replies":[{"embeddable":true,"href":"https:\/\/www.confere.org.br\/wordpress\/wp-json\/wp\/v2\/comments?post=9311"}],"version-history":[{"count":6,"href":"https:\/\/www.confere.org.br\/wordpress\/wp-json\/wp\/v2\/posts\/9311\/revisions"}],"predecessor-version":[{"id":9639,"href":"https:\/\/www.confere.org.br\/wordpress\/wp-json\/wp\/v2\/posts\/9311\/revisions\/9639"}],"wp:attachment":[{"href":"https:\/\/www.confere.org.br\/wordpress\/wp-json\/wp\/v2\/media?parent=9311"}],"wp:term":[{"taxonomy":"category","embeddable":true,"href":"https:\/\/www.confere.org.br\/wordpress\/wp-json\/wp\/v2\/categories?post=9311"},{"taxonomy":"post_tag","embeddable":true,"href":"https:\/\/www.confere.org.br\/wordpress\/wp-json\/wp\/v2\/tags?post=9311"}],"curies":[{"name":"wp","href":"https:\/\/api.w.org\/{rel}","templated":true}]}}