{"id":9315,"date":"2022-10-27T09:09:13","date_gmt":"2022-10-27T12:09:13","guid":{"rendered":"https:\/\/www.confere.org.br\/wordpress\/?p=9315"},"modified":"2023-02-14T15:39:13","modified_gmt":"2023-02-14T18:39:13","slug":"processo-de-licitacao-no-004-2022-impressao-grafica-de-livretos","status":"publish","type":"post","link":"https:\/\/www.confere.org.br\/wordpress\/processo-de-licitacao-no-004-2022-impressao-grafica-de-livretos\/","title":{"rendered":"Processo de Licita\u00e7\u00e3o n\u00ba 004\/2022 &#8211; Impress\u00e3o gr\u00e1fica de livretos"},"content":{"rendered":"\n<ul>\n<li class=\"x_elementToProof\"><a href=\"https:\/\/www.confere.org.br\/wordpress\/wp-content\/uploads\/2022\/12\/EDITAL_-_LIVRETOS_com-assinaturas.pdf\" target=\"_blank\" rel=\"noopener\">Edital &#8211; Preg\u00e3o Eletr\u00f4nico n\u00ba 015\/2022<\/a><\/li>\n<li class=\"x_elementToProof\"><a href=\"https:\/\/www.confere.org.br\/wordpress\/wp-content\/uploads\/2022\/12\/INPDFViewer_004_2022.pdf\" target=\"_blank\" rel=\"noopener\">Aviso publicado no DOU<\/a><\/li>\n<li><a href=\"https:\/\/www.confere.org.br\/wordpress\/wp-content\/uploads\/2023\/01\/Pedido-de-esclarecimento-no-01-referente-ao-Pregao-no-15.pdf\">Pedido de esclarecimento 01 referente ao Preg\u00e3o n\u00ba 15<\/a><\/li>\n<li><a href=\"https:\/\/www.confere.org.br\/wordpress\/wp-content\/uploads\/2023\/02\/RESULTADO-POR-FORNECEDOR-LIVRETO.pdf\">Resultado por fornecedor<\/a><\/li>\n<li><a href=\"https:\/\/www.confere.org.br\/wordpress\/wp-content\/uploads\/2023\/02\/TERMO-DE-ADJUDUCACAO-LIVRETO.pdf\">Termo de Adjudica\u00e7\u00e3o<\/a><\/li>\n<li><a href=\"https:\/\/www.confere.org.br\/wordpress\/wp-content\/uploads\/2023\/02\/TERMO-DE-HOMOLOGACAO-LIVRETOS.pdf\">Termo de Homologa\u00e7\u00e3o<\/a><\/li>\n<\/ul>\n","protected":false},"excerpt":{"rendered":"<p>Edital &#8211; Preg\u00e3o Eletr\u00f4nico n\u00ba 015\/2022 Aviso publicado no DOU Pedido de esclarecimento 01 referente ao Preg\u00e3o n\u00ba 15 Resultado por fornecedor Termo de Adjudica\u00e7\u00e3o Termo de Homologa\u00e7\u00e3o<\/p>\n","protected":false},"author":3,"featured_media":0,"comment_status":"closed","ping_status":"closed","sticky":false,"template":"","format":"standard","meta":[],"categories":[32],"tags":[],"_links":{"self":[{"href":"https:\/\/www.confere.org.br\/wordpress\/wp-json\/wp\/v2\/posts\/9315"}],"collection":[{"href":"https:\/\/www.confere.org.br\/wordpress\/wp-json\/wp\/v2\/posts"}],"about":[{"href":"https:\/\/www.confere.org.br\/wordpress\/wp-json\/wp\/v2\/types\/post"}],"author":[{"embeddable":true,"href":"https:\/\/www.confere.org.br\/wordpress\/wp-json\/wp\/v2\/users\/3"}],"replies":[{"embeddable":true,"href":"https:\/\/www.confere.org.br\/wordpress\/wp-json\/wp\/v2\/comments?post=9315"}],"version-history":[{"count":7,"href":"https:\/\/www.confere.org.br\/wordpress\/wp-json\/wp\/v2\/posts\/9315\/revisions"}],"predecessor-version":[{"id":10428,"href":"https:\/\/www.confere.org.br\/wordpress\/wp-json\/wp\/v2\/posts\/9315\/revisions\/10428"}],"wp:attachment":[{"href":"https:\/\/www.confere.org.br\/wordpress\/wp-json\/wp\/v2\/media?parent=9315"}],"wp:term":[{"taxonomy":"category","embeddable":true,"href":"https:\/\/www.confere.org.br\/wordpress\/wp-json\/wp\/v2\/categories?post=9315"},{"taxonomy":"post_tag","embeddable":true,"href":"https:\/\/www.confere.org.br\/wordpress\/wp-json\/wp\/v2\/tags?post=9315"}],"curies":[{"name":"wp","href":"https:\/\/api.w.org\/{rel}","templated":true}]}}