{"id":9328,"date":"2022-10-27T10:22:30","date_gmt":"2022-10-27T13:22:30","guid":{"rendered":"https:\/\/www.confere.org.br\/wordpress\/?p=9328"},"modified":"2023-04-17T11:22:47","modified_gmt":"2023-04-17T14:22:47","slug":"processo-de-licitacao-no-009-2022-alienacao-do-automovel-cruze-sedan-placa-lrp-7301","status":"publish","type":"post","link":"https:\/\/www.confere.org.br\/wordpress\/processo-de-licitacao-no-009-2022-alienacao-do-automovel-cruze-sedan-placa-lrp-7301\/","title":{"rendered":"Processo de Licita\u00e7\u00e3o n\u00ba 009\/2022 &#8211; Aliena\u00e7\u00e3o do autom\u00f3vel Cruze Sedan (placa LRP 7301)"},"content":{"rendered":"\n<div class=\"x_elementToProof\">AUTOM\u00d3VEL CHEVROLET CRUZE SEDAN, 1.8, 16 V, FLEX POWER, 4 PORTAS\u00a0<\/div>\n<div>\u00a0<\/div>\n<div>ar-condicionado, 16v, autom\u00e1tico, 4 (quatro) portas, \u00e1lcool\/gasolina, modelo 2014, \u00f3timo estado de conserva\u00e7\u00e3o, pela maior oferta com lance m\u00ednimo de R$ 50.397,00 (cinquenta mil, trezentos e noventa e sete reais). Visitas e maiores informa\u00e7\u00f5es no Conselho Federal dos Representantes Comerciais, Rua Buenos Aires, n\u00ba 15, 8\u00ba andar, Centro-RJ, hor\u00e1rio comercial (21) 2533-5675\/2533-8467.<\/div>\n<div>\u00a0<\/div>\n<div><a href=\"https:\/\/www.confere.org.br\/wordpress\/wp-content\/uploads\/2023\/04\/Venda_do_Carro_assinado_assinado.pdf\">Termo de Refer\u00eancia<\/a><\/div>\n\n\n","protected":false},"excerpt":{"rendered":"<p>AUTOM\u00d3VEL CHEVROLET CRUZE SEDAN, 1.8, 16 V, FLEX POWER, 4 PORTAS\u00a0 \u00a0 ar-condicionado, 16v, autom\u00e1tico, 4 (quatro) portas, \u00e1lcool\/gasolina, modelo 2014, \u00f3timo estado de conserva\u00e7\u00e3o, pela maior oferta com lance m\u00ednimo de R$ 50.397,00 (cinquenta mil, trezentos e noventa e sete reais). Visitas e maiores informa\u00e7\u00f5es no Conselho Federal dos Representantes Comerciais, Rua Buenos Aires, &hellip; <\/p>\n<p class=\"link-more\"><a href=\"https:\/\/www.confere.org.br\/wordpress\/processo-de-licitacao-no-009-2022-alienacao-do-automovel-cruze-sedan-placa-lrp-7301\/\" class=\"more-link\">Continue lendo<span class=\"screen-reader-text\"> &#8220;Processo de Licita\u00e7\u00e3o n\u00ba 009\/2022 &#8211; Aliena\u00e7\u00e3o do autom\u00f3vel Cruze Sedan (placa LRP 7301)&#8221;<\/span><\/a><\/p>\n","protected":false},"author":3,"featured_media":0,"comment_status":"closed","ping_status":"closed","sticky":false,"template":"","format":"standard","meta":[],"categories":[32],"tags":[],"_links":{"self":[{"href":"https:\/\/www.confere.org.br\/wordpress\/wp-json\/wp\/v2\/posts\/9328"}],"collection":[{"href":"https:\/\/www.confere.org.br\/wordpress\/wp-json\/wp\/v2\/posts"}],"about":[{"href":"https:\/\/www.confere.org.br\/wordpress\/wp-json\/wp\/v2\/types\/post"}],"author":[{"embeddable":true,"href":"https:\/\/www.confere.org.br\/wordpress\/wp-json\/wp\/v2\/users\/3"}],"replies":[{"embeddable":true,"href":"https:\/\/www.confere.org.br\/wordpress\/wp-json\/wp\/v2\/comments?post=9328"}],"version-history":[{"count":3,"href":"https:\/\/www.confere.org.br\/wordpress\/wp-json\/wp\/v2\/posts\/9328\/revisions"}],"predecessor-version":[{"id":10796,"href":"https:\/\/www.confere.org.br\/wordpress\/wp-json\/wp\/v2\/posts\/9328\/revisions\/10796"}],"wp:attachment":[{"href":"https:\/\/www.confere.org.br\/wordpress\/wp-json\/wp\/v2\/media?parent=9328"}],"wp:term":[{"taxonomy":"category","embeddable":true,"href":"https:\/\/www.confere.org.br\/wordpress\/wp-json\/wp\/v2\/categories?post=9328"},{"taxonomy":"post_tag","embeddable":true,"href":"https:\/\/www.confere.org.br\/wordpress\/wp-json\/wp\/v2\/tags?post=9328"}],"curies":[{"name":"wp","href":"https:\/\/api.w.org\/{rel}","templated":true}]}}