{"id":9330,"date":"2022-10-27T10:40:38","date_gmt":"2022-10-27T13:40:38","guid":{"rendered":"https:\/\/www.confere.org.br\/wordpress\/?p=9330"},"modified":"2022-10-27T10:47:19","modified_gmt":"2022-10-27T13:47:19","slug":"fim-de-ano-no-comercio-deve-ter-maior-numero-de-vagas-temporarias-desde-2013-preve-cnc","status":"publish","type":"post","link":"https:\/\/www.confere.org.br\/wordpress\/fim-de-ano-no-comercio-deve-ter-maior-numero-de-vagas-temporarias-desde-2013-preve-cnc\/","title":{"rendered":"Fim de ano no com\u00e9rcio deve ter maior n\u00famero de vagas tempor\u00e1rias desde 2013, prev\u00ea CNC"},"content":{"rendered":"\n<div id=\"chunk-besgp\">\n<div class=\"mc-column content-text active-extra-styles \" data-block-type=\"unstyled\" data-block-weight=\"31\" data-block-id=\"3\">\n<p class=\"content-text__container \" data-track-category=\"Link no Texto\" data-track-links=\"\">A\u00a0<a href=\"https:\/\/g1.globo.com\/tudo-sobre\/confederacao-nacional-do-comercio\/\">Confedera\u00e7\u00e3o Nacional do Com\u00e9rcio<\/a>\u00a0de Bens, Servi\u00e7os e Turismo (CNC) prev\u00ea que sejam contratados 109,4 mil trabalhadores tempor\u00e1rios no pa\u00eds neste final de ano para atender \u00e0s vendas no varejo.<\/p>\n<\/div>\n<\/div>\n<div class=\"wall protected-content\">\n<div id=\"chunk-5b73o\">\n<div class=\"mc-column content-text active-extra-styles \" data-block-type=\"unstyled\" data-block-weight=\"22\" data-block-id=\"4\">\n<p class=\"content-text__container \" data-track-category=\"Link no Texto\" data-track-links=\"\">Esse contingente de trabalhadores ser\u00e1 necess\u00e1rio para dar conta do aumento previsto para as vendas relativas ao Natal deste ano de 2,1%.<\/p>\n<\/div>\n<\/div>\n<div id=\"chunk-ceu1i\">\n<div class=\"mc-column content-text active-extra-styles \" data-block-type=\"unstyled\" data-block-weight=\"21\" data-block-id=\"5\">\n<p class=\"content-text__container \" data-track-category=\"Link no Texto\" data-track-links=\"\">Trata-se da maior oferta de trabalho tempor\u00e1rio em nove anos, quando, em 2013, foram abertos 115,5 mil postos, informa a CNC.<\/p>\n<p data-track-category=\"Link no Texto\" data-track-links=\"\">A CNC projeta taxa de efetiva\u00e7\u00e3o dos tempor\u00e1rios de 11% ap\u00f3s o Natal de 2022- inferior \u00e0 do ano passado, quando o varejo efetivou 15% dos contratados.<\/p>\n<div id=\"chunk-runj\">\n<div class=\"mc-column content-text active-extra-styles \" data-block-type=\"unstyled\" data-block-weight=\"72\" data-block-id=\"8\">\n<p class=\"content-text__container \" data-track-category=\"Link no Texto\" data-track-links=\"\">Segundo a entidade, ap\u00f3s o Natal de 2021, o varejo ainda estava repondo as vagas que haviam sido fechadas nas duas primeiras ondas da pandemia, de modo que boa parte dos contratados ap\u00f3s a principal data do varejo relacionava-se \u00e0 recomposi\u00e7\u00e3o dos quadros do setor. Al\u00e9m disso, ao contr\u00e1rio de 2021, a perspectiva de crescimento econ\u00f4mico para o ano seguinte \u00e9 menor ao final de 2022 do que era um ano atr\u00e1s.<\/p>\n<\/div>\n<\/div>\n<div id=\"chunk-7010n\">\n<div class=\"mc-column content-text active-extra-styles \" data-block-type=\"unstyled\" data-block-weight=\"23\" data-block-id=\"9\">\n<p class=\"content-text__container \" data-track-category=\"Link no Texto\" data-track-links=\"\">S\u00e3o Paulo (30,3 mil), Minas Gerais (12,2 mil), Paran\u00e1 (8,9 mil) e Rio de Janeiro (8 mil) concentrar\u00e3o 54% da oferta de vagas.<\/p>\n<\/div>\n<\/div>\n<div id=\"chunk-3fjcr\">\n<div class=\"mc-column content-text active-extra-styles \" data-block-type=\"unstyled\" data-block-weight=\"26\" data-block-id=\"10\">\n<p class=\"content-text__container \" data-track-category=\"Link no Texto\" data-track-links=\"\">As previs\u00f5es da CNC s\u00e3o baseadas em aspectos sazonais das admiss\u00f5es e desligamentos no com\u00e9rcio varejista, registrados mensalmente pelo Cadastro Geral de Empregados e Desempregados (Caged).<\/p>\n<\/div>\n<\/div>\n<div id=\"chunk-b9mln\">\n<div class=\"mc-column content-text active-extra-styles \" data-block-type=\"unstyled\" data-block-weight=\"74\" data-block-id=\"11\">\n<p class=\"content-text__container \" data-track-category=\"Link no Texto\" data-track-links=\"\">\u201cEm 2021, 97 mil trabalhadores tempor\u00e1rios foram contratados, 46% a mais do que o registrado em 2020, primeiro ano da pandemia. Dois meses antes dos Natais de 2020 e 2021, a circula\u00e7\u00e3o de consumidores no varejo ainda estava, respectivamente, 22,1% e 4,8% abaixo do n\u00edvel pr\u00e9-pandemia. Atualmente, o fluxo de consumidores nas lojas j\u00e1 \u00e9 3,1% acima do per\u00edodo imediatamente anterior ao in\u00edcio da crise sanit\u00e1ria&#8221;, explica o presidente da CNC, Jos\u00e9 Roberto Tadros.<\/p>\n<p class=\"content-text__container \" data-track-category=\"Link no Texto\" data-track-links=\"\"><span style=\"color: revert; font-family: -apple-system, BlinkMacSystemFont, 'Segoe UI', Roboto, Oxygen, Ubuntu, Cantarell, 'Fira Sans', 'Droid Sans', 'Helvetica Neue', sans-serif; font-size: 1.125em; font-weight: bold;\"><br \/>Mais contrata\u00e7\u00f5es em hiper e supermercados<\/span><\/p>\n<div class=\"mc-column content-text active-extra-styles\" data-block-type=\"raw\" data-block-weight=\"6\" data-block-id=\"15\">\n<p>O maior n\u00famero de contrata\u00e7\u00f5es deve ser em hiper e supermercados, com a previs\u00e3o de abertura de 45,5 mil vagas tempor\u00e1rias, seguido por vestu\u00e1rio, com 25,8 mil.<\/p>\n<\/div>\n<div id=\"chunk-dkfht\">\n<div class=\"mc-column content-text active-extra-styles \" data-block-type=\"unstyled\" data-block-weight=\"50\" data-block-id=\"17\">\n<p class=\"content-text__container \" data-track-category=\"Link no Texto\" data-track-links=\"\">\u201cSe, por um lado, os hiper e supermercados, que s\u00e3o o segmento que mais emprega no varejo, t\u00eam destaque no n\u00famero absoluto de vagas, as lojas de roupas, acess\u00f3rios e cal\u00e7ados s\u00e3o, historicamente, as mais beneficiadas pelas vendas natalinas\u201d, aponta o economista da CNC respons\u00e1vel pela pesquisa, Fabio Bentes.<\/p>\n<\/div>\n<\/div>\n<div id=\"chunk-fdkic\">\n<div class=\"mc-column content-text active-extra-styles \" data-block-type=\"unstyled\" data-block-weight=\"25\" data-block-id=\"18\">\n<p class=\"content-text__container \" data-track-category=\"Link no Texto\" data-track-links=\"\">Enquanto o faturamento do varejo cresce, em m\u00e9dia, 34% no per\u00edodo de fim de ano, o setor de vestu\u00e1rio costuma registrar alta de at\u00e9 90%.<\/p>\n<\/div>\n<\/div>\n<div id=\"chunk-dkf30\">\n<div class=\"mc-column content-text active-extra-styles \" data-block-type=\"unstyled\" data-block-weight=\"22\" data-block-id=\"19\">\n<p class=\"content-text__container \" data-track-category=\"Link no Texto\" data-track-links=\"\">Outros segmentos com maior n\u00famero de vagas s\u00e3o Utilidades Dom\u00e9sticas e Eletroeletr\u00f4nicos, com 15,9 mil, e Livrarias e papelarias, com 9,2 mil.<\/p>\n<\/div>\n<\/div>\n<div class=\"mc-column content-text active-extra-styles\" data-block-type=\"raw\" data-block-weight=\"8\" data-block-id=\"20\">\n<p class=\"content-text__container\"><span style=\"color: revert; font-family: -apple-system, BlinkMacSystemFont, 'Segoe UI', Roboto, Oxygen, Ubuntu, Cantarell, 'Fira Sans', 'Droid Sans', 'Helvetica Neue', sans-serif; font-size: 1.125em; font-weight: bold;\"><br \/>Maiores sal\u00e1rios em lojas de comunica\u00e7\u00e3o e inform\u00e1tica<\/span><\/p>\n<p>O sal\u00e1rio m\u00e9dio de admiss\u00e3o dever\u00e1 alcan\u00e7ar R$ 1.626, avan\u00e7ando 2,5% em termos nominais (sem contar a infla\u00e7\u00e3o), na compara\u00e7\u00e3o com o mesmo per\u00edodo do ano passado, quando a remunera\u00e7\u00e3o m\u00e9dia ficou em R$ 1.587.<\/p>\n<\/div>\n<\/div>\n<\/div>\n<\/div>\n<\/div>\n<\/div>\n\n\n\n<div id=\"chunk-aihfu\">\n<div class=\"mc-column content-text active-extra-styles \" data-block-type=\"unstyled\" data-block-weight=\"39\" data-block-id=\"23\">\n<p class=\"content-text__container \" data-track-category=\"Link no Texto\" data-track-links=\"\">Os valores mais altos, de R$ 2.354, devem ser pagos pelas lojas especializadas na venda de produtos de inform\u00e1tica e comunica\u00e7\u00e3o, seguidas pelo ramo de artigos farmac\u00eauticos, perfumarias e cosm\u00e9ticos, que deve pagar em torno de R$ 1.821.<\/p>\n<\/div>\n<\/div>\n<div id=\"chunk-2m08h\">\n<div class=\"mc-column content-text active-extra-styles \" data-block-type=\"unstyled\" data-block-weight=\"13\" data-block-id=\"24\">\n<p class=\"content-text__container \" data-track-category=\"Link no Texto\" data-track-links=\"\">Contudo, esses segmentos respondem por apenas 2,3% das vagas totais a serem criadas.<\/p>\n<\/div>\n<\/div>\n<div class=\"mc-column content-text active-extra-styles\" data-block-type=\"raw\" data-block-weight=\"7\" data-block-id=\"25\">\n<p class=\"content-text__container\"><span style=\"color: revert; font-family: -apple-system, BlinkMacSystemFont, 'Segoe UI', Roboto, Oxygen, Ubuntu, Cantarell, 'Fira Sans', 'Droid Sans', 'Helvetica Neue', sans-serif; font-size: 1.125em; font-weight: bold;\"><br \/>Alta de 2,1% nas vendas de Natal<\/span><\/p>\n<p>A previs\u00e3o da CNC \u00e9 que haja aumento de 2,1% nas vendas de fim de ano no varejo como um todo. O ramo de hiper e supermercados tende a registrar alta de 4,8% nas vendas, j\u00e1 descontada a infla\u00e7\u00e3o, mas as vendas nas lojas de utilidades dom\u00e9sticas e eletroeletr\u00f4nicos devem cair 0,1% e 3,4%, respectivamente, em rela\u00e7\u00e3o ao ano passado.<\/p>\n<\/div>\n<div id=\"chunk-cprkk\">\n<div class=\"mc-column content-text active-extra-styles \" data-block-type=\"unstyled\" data-block-weight=\"50\" data-block-id=\"27\">\n<p class=\"content-text__container \" data-track-category=\"Link no Texto\" data-track-links=\"\">\u201cEssa perspectiva decorre do somat\u00f3rio entre a desacelera\u00e7\u00e3o da infla\u00e7\u00e3o e o encarecimento do cr\u00e9dito, j\u00e1 que a taxa de juros de opera\u00e7\u00f5es envolvendo pessoas f\u00edsicas atingiu o maior patamar desde abril de 2018, o que favorece as compras em segmentos que dependem menos de empr\u00e9stimos e financiamentos\u201d, explica Bentes.<\/p>\n<\/div>\n<p data-track-category=\"Link no Texto\" data-track-links=\"\"><br \/><br \/>Fonte: <a href=\"https:\/\/g1.globo.com\/trabalho-e-carreira\/noticia\/2022\/10\/26\/fim-de-ano-deve-ter-maior-numero-de-vagas-temporarias-desde-2013-preve-cnc.ghtml\" target=\"_blank\" rel=\"noopener\">www.g1.globo.com<\/a><\/p>\n<\/div>\n","protected":false},"excerpt":{"rendered":"<p>Previs\u00e3o \u00e9 de abertura de 109,4 mil vagas &#8211; em 2013, foram abertos 115,5 mil postos.<\/p>\n","protected":false},"author":3,"featured_media":9332,"comment_status":"closed","ping_status":"closed","sticky":false,"template":"","format":"standard","meta":[],"categories":[2],"tags":[],"_links":{"self":[{"href":"https:\/\/www.confere.org.br\/wordpress\/wp-json\/wp\/v2\/posts\/9330"}],"collection":[{"href":"https:\/\/www.confere.org.br\/wordpress\/wp-json\/wp\/v2\/posts"}],"about":[{"href":"https:\/\/www.confere.org.br\/wordpress\/wp-json\/wp\/v2\/types\/post"}],"author":[{"embeddable":true,"href":"https:\/\/www.confere.org.br\/wordpress\/wp-json\/wp\/v2\/users\/3"}],"replies":[{"embeddable":true,"href":"https:\/\/www.confere.org.br\/wordpress\/wp-json\/wp\/v2\/comments?post=9330"}],"version-history":[{"count":8,"href":"https:\/\/www.confere.org.br\/wordpress\/wp-json\/wp\/v2\/posts\/9330\/revisions"}],"predecessor-version":[{"id":9342,"href":"https:\/\/www.confere.org.br\/wordpress\/wp-json\/wp\/v2\/posts\/9330\/revisions\/9342"}],"wp:featuredmedia":[{"embeddable":true,"href":"https:\/\/www.confere.org.br\/wordpress\/wp-json\/wp\/v2\/media\/9332"}],"wp:attachment":[{"href":"https:\/\/www.confere.org.br\/wordpress\/wp-json\/wp\/v2\/media?parent=9330"}],"wp:term":[{"taxonomy":"category","embeddable":true,"href":"https:\/\/www.confere.org.br\/wordpress\/wp-json\/wp\/v2\/categories?post=9330"},{"taxonomy":"post_tag","embeddable":true,"href":"https:\/\/www.confere.org.br\/wordpress\/wp-json\/wp\/v2\/tags?post=9330"}],"curies":[{"name":"wp","href":"https:\/\/api.w.org\/{rel}","templated":true}]}}