{"id":9357,"date":"2022-10-28T10:32:52","date_gmt":"2022-10-28T13:32:52","guid":{"rendered":"https:\/\/www.confere.org.br\/wordpress\/?p=9357"},"modified":"2022-12-07T11:17:10","modified_gmt":"2022-12-07T14:17:10","slug":"dispensa-eletronica-no-036-2022-aquisicao-de-protetores-de-cracha","status":"publish","type":"post","link":"https:\/\/www.confere.org.br\/wordpress\/dispensa-eletronica-no-036-2022-aquisicao-de-protetores-de-cracha\/","title":{"rendered":"Dispensa Eletr\u00f4nica n\u00ba 036\/2022 &#8211;  Aquisi\u00e7\u00e3o de Protetores de Crach\u00e1"},"content":{"rendered":"\n<ul style=\"list-style-type: circle;\">\n<li><a href=\"\/\/www.confere.org.br\/wordpress\/wp-content\/uploads\/2022\/10\/Termo-de-Referencia-36_2022.pdf\" target=\"_blank\" rel=\"noopener\">Termo de Refer\u00eancia<\/a><\/li>\n<li>Link PNCP:\u00a0<a id=\"LPNoLPOWALinkPreview\" href=\"https:\/\/pncp.gov.br\/app\/editais\/34046367000168\/2022\/37\" target=\"_blank\" rel=\"noopener noreferrer\" data-auth=\"NotApplicable\" data-safelink=\"true\" data-linkindex=\"0\">https:\/\/pncp.gov.br\/app\/editais\/34046367000168\/2022\/37<\/a><\/li>\n<li><a href=\"https:\/\/www.confere.org.br\/wordpress\/wp-content\/uploads\/2022\/10\/Autorizacao-do-Presidente.pdf\" target=\"_blank\" rel=\"noopener\">Autoriza\u00e7\u00e3o do Presidente para Publica\u00e7\u00e3o<\/a><\/li>\n<li>17\/11\/2022 &#8211; <a href=\"https:\/\/www.confere.org.br\/wordpress\/wp-content\/uploads\/2022\/12\/RELATO_1.pdf\" target=\"_blank\" rel=\"noopener\">Relat\u00f3rio Homologado<\/a><\/li>\n<\/ul>\n","protected":false},"excerpt":{"rendered":"<p>Termo de Refer\u00eancia Link PNCP:\u00a0https:\/\/pncp.gov.br\/app\/editais\/34046367000168\/2022\/37 Autoriza\u00e7\u00e3o do Presidente para Publica\u00e7\u00e3o 17\/11\/2022 &#8211; Relat\u00f3rio Homologado<\/p>\n","protected":false},"author":3,"featured_media":0,"comment_status":"closed","ping_status":"closed","sticky":false,"template":"","format":"standard","meta":[],"categories":[60],"tags":[],"_links":{"self":[{"href":"https:\/\/www.confere.org.br\/wordpress\/wp-json\/wp\/v2\/posts\/9357"}],"collection":[{"href":"https:\/\/www.confere.org.br\/wordpress\/wp-json\/wp\/v2\/posts"}],"about":[{"href":"https:\/\/www.confere.org.br\/wordpress\/wp-json\/wp\/v2\/types\/post"}],"author":[{"embeddable":true,"href":"https:\/\/www.confere.org.br\/wordpress\/wp-json\/wp\/v2\/users\/3"}],"replies":[{"embeddable":true,"href":"https:\/\/www.confere.org.br\/wordpress\/wp-json\/wp\/v2\/comments?post=9357"}],"version-history":[{"count":4,"href":"https:\/\/www.confere.org.br\/wordpress\/wp-json\/wp\/v2\/posts\/9357\/revisions"}],"predecessor-version":[{"id":9684,"href":"https:\/\/www.confere.org.br\/wordpress\/wp-json\/wp\/v2\/posts\/9357\/revisions\/9684"}],"wp:attachment":[{"href":"https:\/\/www.confere.org.br\/wordpress\/wp-json\/wp\/v2\/media?parent=9357"}],"wp:term":[{"taxonomy":"category","embeddable":true,"href":"https:\/\/www.confere.org.br\/wordpress\/wp-json\/wp\/v2\/categories?post=9357"},{"taxonomy":"post_tag","embeddable":true,"href":"https:\/\/www.confere.org.br\/wordpress\/wp-json\/wp\/v2\/tags?post=9357"}],"curies":[{"name":"wp","href":"https:\/\/api.w.org\/{rel}","templated":true}]}}