{"id":9363,"date":"2022-10-28T11:38:29","date_gmt":"2022-10-28T14:38:29","guid":{"rendered":"https:\/\/www.confere.org.br\/wordpress\/?p=9363"},"modified":"2022-12-12T14:20:48","modified_gmt":"2022-12-12T17:20:48","slug":"dispensa-eletronica-no-039-2022-aquisicao-de-materiais-de-copa-e-cozinha","status":"publish","type":"post","link":"https:\/\/www.confere.org.br\/wordpress\/dispensa-eletronica-no-039-2022-aquisicao-de-materiais-de-copa-e-cozinha\/","title":{"rendered":"Dispensa\u00a0Eletr\u00f4nica n\u00ba 039\/2022 &#8211;\u00a0Aquisi\u00e7\u00e3o de materiais de copa e cozinha"},"content":{"rendered":"\n<ul>\n<li class=\"x_x_ContentPasted0 x_ContentPasted0\"><a href=\"https:\/\/www.confere.org.br\/wordpress\/wp-content\/uploads\/2022\/10\/Minuta_TR_-_copa_e_cozinha_assinado_assinado.pdf\" target=\"_blank\" rel=\"noopener\">Termo de Refer\u00eancia<\/a><\/li>\n<li class=\"x_x_ContentPasted0 x_x_ContentPasted2 x_ContentPasted0 x_ContentPasted1\">Link PNCP:\u00a0<a id=\"LPNoLPOWALinkPreview\" href=\"https:\/\/pncp.gov.br\/app\/editais\/34046367000168\/2022\/38\" target=\"_blank\" rel=\"noopener noreferrer\" data-auth=\"NotApplicable\" data-safelink=\"true\" data-linkindex=\"0\">https:\/\/pncp.gov.br\/app\/editais\/34046367000168\/2022\/38<\/a><\/li>\n<li class=\"x_x_ContentPasted0 x_ContentPasted0\"><a href=\"https:\/\/www.confere.org.br\/wordpress\/wp-content\/uploads\/2022\/10\/Autorizacao-do-Ordenador-de-Despesa-para-Publicacao.pdf\" target=\"_blank\" rel=\"noopener\">Autoriza\u00e7\u00e3o do Ordenador de Despesa para Publica\u00e7\u00e3o<\/a><\/li>\n<li>07\/12\/2022 &#8211; <a href=\"https:\/\/www.confere.org.br\/wordpress\/wp-content\/uploads\/2022\/12\/relatorio_dispensa_389047_392022__.pdf\" target=\"_blank\" rel=\"noopener\">Relat\u00f3rio Homologado<\/a><\/li>\n<\/ul>\n","protected":false},"excerpt":{"rendered":"<p>Termo de Refer\u00eancia Link PNCP:\u00a0https:\/\/pncp.gov.br\/app\/editais\/34046367000168\/2022\/38 Autoriza\u00e7\u00e3o do Ordenador de Despesa para Publica\u00e7\u00e3o 07\/12\/2022 &#8211; Relat\u00f3rio Homologado<\/p>\n","protected":false},"author":3,"featured_media":0,"comment_status":"closed","ping_status":"closed","sticky":false,"template":"","format":"standard","meta":[],"categories":[60],"tags":[],"_links":{"self":[{"href":"https:\/\/www.confere.org.br\/wordpress\/wp-json\/wp\/v2\/posts\/9363"}],"collection":[{"href":"https:\/\/www.confere.org.br\/wordpress\/wp-json\/wp\/v2\/posts"}],"about":[{"href":"https:\/\/www.confere.org.br\/wordpress\/wp-json\/wp\/v2\/types\/post"}],"author":[{"embeddable":true,"href":"https:\/\/www.confere.org.br\/wordpress\/wp-json\/wp\/v2\/users\/3"}],"replies":[{"embeddable":true,"href":"https:\/\/www.confere.org.br\/wordpress\/wp-json\/wp\/v2\/comments?post=9363"}],"version-history":[{"count":3,"href":"https:\/\/www.confere.org.br\/wordpress\/wp-json\/wp\/v2\/posts\/9363\/revisions"}],"predecessor-version":[{"id":9727,"href":"https:\/\/www.confere.org.br\/wordpress\/wp-json\/wp\/v2\/posts\/9363\/revisions\/9727"}],"wp:attachment":[{"href":"https:\/\/www.confere.org.br\/wordpress\/wp-json\/wp\/v2\/media?parent=9363"}],"wp:term":[{"taxonomy":"category","embeddable":true,"href":"https:\/\/www.confere.org.br\/wordpress\/wp-json\/wp\/v2\/categories?post=9363"},{"taxonomy":"post_tag","embeddable":true,"href":"https:\/\/www.confere.org.br\/wordpress\/wp-json\/wp\/v2\/tags?post=9363"}],"curies":[{"name":"wp","href":"https:\/\/api.w.org\/{rel}","templated":true}]}}