{"id":957,"date":"2019-11-05T10:23:18","date_gmt":"2019-11-05T13:23:18","guid":{"rendered":"http:\/\/www.confere.org.br\/wordpress\/?p=957"},"modified":"2019-11-13T11:46:46","modified_gmt":"2019-11-13T14:46:46","slug":"sistema-confere-cores-apoia","status":"publish","type":"post","link":"https:\/\/www.confere.org.br\/wordpress\/sistema-confere-cores-apoia\/","title":{"rendered":"Sistema Confere\/Cores apoia, em Audi\u00eancia P\u00fablica, na C\u00e2mara dos Deputados, a frente parlamentar contra a PEC 108\/2019"},"content":{"rendered":"\n<ul class=\"wp-container-2 wp-block-gallery-1 wp-block-gallery columns-0 is-cropped\"><\/ul>\n\n\n\n<p style=\"font-size:12.5px\">Izaac Pereira In\u00e1cio, procurador-geral adjunto do Confere; Sidney Fernandes Gutierrez, diretor-presidente do Core-SP; Wilian Vicente Bernardes, diretor-presidente do Core-DF; Manoel Affonso Mendes, diretor-presidente do Confere; e Paulo Lustosa, assessor da Presid\u00eancia do Confere<\/p>\n\n\n\n<p><\/p>\n\n\n\n<p><\/p>\n\n\n\n<p>O Sistema Confere\/Cores esteve presente na Audi\u00eancia P\u00fablica, realizada hoje, dia 05 de novembro, pela Comiss\u00e3o de Constitui\u00e7\u00e3o e Justi\u00e7a e de Cidadania da C\u00e2mara dos Deputados, para debater sobre a Proposta de Emenda \u00e0 Constitui\u00e7\u00e3o (PEC) 108\/19, que est\u00e1 em an\u00e1lise na referida Comiss\u00e3o.<\/p>\n\n\n\n<p><br> Na audi\u00eancia, Manoel Affonso Mendes, diretor- presidente do Confere; Sidney Fernandes Gutierrez, <br> diretor-presidente do Core-SP; Paulo C\u00e9sar Nauiack,  diretor-presidente do Core-PR e Wilian Vicente Bernardes, diretor-presidente do Core-DF, defenderam a import\u00e2ncia dos Conselhos de Fiscaliza\u00e7\u00e3o Profissional.<\/p>\n\n\n\n<p><br> Para o deputado federal Edio Lopes (PL-RR), relator da proposta na CCJ, a Audi\u00eancia P\u00fablica revela-se importante para que os legisladores possam colher informa\u00e7\u00f5es sobre as implica\u00e7\u00f5es organizacional, administrativa, socioecon\u00f4mica, or\u00e7ament\u00e1ria e financeira que a mat\u00e9ria ter\u00e1 sobre o funcionamento dos Conselho Profissionais.<\/p>\n\n\n\n<p><br> \u201cOs Conselhos prestam um grande servi\u00e7o \u00e0 sociedade. S\u00e3o eles que garantem o exerc\u00edcio profissional com \u00e9tica e qualidade, devidamente registrado. Extinguindo sua obrigatoriedade, viveremos incontrol\u00e1veis exerc\u00edcios ilegais das profiss\u00f5es. Precisamos reunir esfor\u00e7os de deputados e senadores de todos os partidos para esta causa. S\u00f3 a unidade poder\u00e1 vencer\u201d, declarou a deputada federal Alice Portugal (PC do B-BA).<br> A deputada federal Erika Kokay (PT-DF) participou do debate e assegurou que vai trabalhar para impedir que a PEC 108\/2019 seja aprovada na CCJ da C\u00e2mara: \u201cA PEC 108 \u00e9 uma afronta \u00e0 Constitui\u00e7\u00e3o Federal, \u00e9 inconstitucional e deve ser derrotada na CCJ. Estamos trabalhando para isso, pois esta PEC fere os princ\u00edpios de direitos e garantias individuais, cl\u00e1usula p\u00e9trea da Constitui\u00e7\u00e3o Federal\u201d, discursou. <\/p>\n\n\n\n<p><br> \u201c\u00c9 urgente esclarecer que os Conselhos Profissionais foram criados para servir \u00e0 sociedade ao regulamentar e fiscalizar o exerc\u00edcio de profiss\u00f5es que s\u00e3o estrat\u00e9gicas para o desenvolvimento, observando os aspectos de seguran\u00e7a, bem-estar social e humano. Sem esse tido de controle, o mercado estaria aberto \u00e0 pessoas n\u00e3o habilitadas prestarem servi\u00e7os especializados, prejudicando a sociedade\u201d,  destacou Joel Kr\u00fcger, presidente do Conselho Federal de Engenharia e Agronomia (Confea).<\/p>\n\n\n\n<p><br> O deputado federal Reginaldo Lopes (PT-MG),  tamb\u00e9m, falou da responsabilidade dos Conselhos em <br> zelar pela \u00e9tica profissional e disse que desobrigar os profissionais do registro em seus respectivos Conselhos,  conforme pretende a PEC 108, \u00e9 apostar na desordem a um custo econ\u00f4mico e social muito alto. \u201cA PEC 108 n\u00e3o foi constru\u00edda com di\u00e1logo e constitui um desrespeito aos Conselhos Profissionais e \u00e0 sociedade. Nosso  Parlamento tem um poder moderador nessa travessia contra uma escalada autorit\u00e1ria no Pa\u00eds. Vamos estar juntos  nessa caminhada para n\u00e3o destruir as profiss\u00f5es regulamentadas\u201d.<\/p>\n\n\n\n<ul class=\"wp-container-4 wp-block-gallery-3 wp-block-gallery columns-3 is-cropped\"><li class=\"blocks-gallery-item\"><figure><img width=\"1024\" height=\"683\" src=\"https:\/\/www.confere.org.br\/wordpress\/wp-content\/uploads\/2019\/11\/IMG-20191105-WA0039-1024x683.jpg\" alt=\"\" data-id=\"964\" data-link=\"https:\/\/www.confere.org.br\/wordpress\/sistema-confere-cores-apoia\/img-20191105-wa0039\/\" class=\"wp-image-964\" srcset=\"https:\/\/www.confere.org.br\/wordpress\/wp-content\/uploads\/2019\/11\/IMG-20191105-WA0039-1024x683.jpg 1024w, https:\/\/www.confere.org.br\/wordpress\/wp-content\/uploads\/2019\/11\/IMG-20191105-WA0039-300x200.jpg 300w, https:\/\/www.confere.org.br\/wordpress\/wp-content\/uploads\/2019\/11\/IMG-20191105-WA0039-768x512.jpg 768w, https:\/\/www.confere.org.br\/wordpress\/wp-content\/uploads\/2019\/11\/IMG-20191105-WA0039.jpg 1280w\" sizes=\"(max-width: 1024px) 100vw, 1024px\" \/><figcaption>Manoel Affonso Mendes, diretor-presidente do Confere e a deputada federal Alice Portugal (PC do B-BA)<\/figcaption><\/figure><\/li><li class=\"blocks-gallery-item\"><figure><img width=\"1024\" height=\"683\" src=\"https:\/\/www.confere.org.br\/wordpress\/wp-content\/uploads\/2019\/11\/IMG-20191105-WA0041-1024x683.jpg\" alt=\"\" data-id=\"965\" data-link=\"https:\/\/www.confere.org.br\/wordpress\/sistema-confere-cores-apoia\/img-20191105-wa0041\/\" class=\"wp-image-965\" srcset=\"https:\/\/www.confere.org.br\/wordpress\/wp-content\/uploads\/2019\/11\/IMG-20191105-WA0041-1024x683.jpg 1024w, https:\/\/www.confere.org.br\/wordpress\/wp-content\/uploads\/2019\/11\/IMG-20191105-WA0041-300x200.jpg 300w, https:\/\/www.confere.org.br\/wordpress\/wp-content\/uploads\/2019\/11\/IMG-20191105-WA0041-768x512.jpg 768w, https:\/\/www.confere.org.br\/wordpress\/wp-content\/uploads\/2019\/11\/IMG-20191105-WA0041.jpg 1280w\" sizes=\"(max-width: 1024px) 100vw, 1024px\" \/><figcaption>Manoel Affonso Mendes, diretor-presidente do Confere<\/figcaption><\/figure><\/li><li class=\"blocks-gallery-item\"><figure><img width=\"1024\" height=\"683\" src=\"https:\/\/www.confere.org.br\/wordpress\/wp-content\/uploads\/2019\/11\/PHOTO-2019-11-05-13-53-36-1024x683.jpg\" alt=\"\" data-id=\"966\" data-link=\"https:\/\/www.confere.org.br\/wordpress\/sistema-confere-cores-apoia\/photo-2019-11-05-13-53-36\/\" class=\"wp-image-966\" srcset=\"https:\/\/www.confere.org.br\/wordpress\/wp-content\/uploads\/2019\/11\/PHOTO-2019-11-05-13-53-36-1024x683.jpg 1024w, https:\/\/www.confere.org.br\/wordpress\/wp-content\/uploads\/2019\/11\/PHOTO-2019-11-05-13-53-36-300x200.jpg 300w, https:\/\/www.confere.org.br\/wordpress\/wp-content\/uploads\/2019\/11\/PHOTO-2019-11-05-13-53-36-768x512.jpg 768w, https:\/\/www.confere.org.br\/wordpress\/wp-content\/uploads\/2019\/11\/PHOTO-2019-11-05-13-53-36.jpg 1280w\" sizes=\"(max-width: 1024px) 100vw, 1024px\" \/><figcaption>Aud\u00eancia P\u00fablica, realizada no dia 05 de novembro de 2019<\/figcaption><\/figure><\/li><\/ul>\n\n\n","protected":false},"excerpt":{"rendered":"<p>O Sistema Confere\/Cores esteve presente na Audi\u00eancia P\u00fablica, realizada hoje, dia 05 de novembro, pela Comiss\u00e3o de Constitui\u00e7\u00e3o e Justi\u00e7a e de Cidadania da C\u00e2mara dos Deputados, para debater sobre a Proposta de Emenda \u00e0 Constitui\u00e7\u00e3o (PEC) 108\/19, que est\u00e1 em an\u00e1lise na referida Comiss\u00e3o<\/p>\n","protected":false},"author":1,"featured_media":958,"comment_status":"closed","ping_status":"open","sticky":false,"template":"","format":"standard","meta":[],"categories":[34,49],"tags":[],"_links":{"self":[{"href":"https:\/\/www.confere.org.br\/wordpress\/wp-json\/wp\/v2\/posts\/957"}],"collection":[{"href":"https:\/\/www.confere.org.br\/wordpress\/wp-json\/wp\/v2\/posts"}],"about":[{"href":"https:\/\/www.confere.org.br\/wordpress\/wp-json\/wp\/v2\/types\/post"}],"author":[{"embeddable":true,"href":"https:\/\/www.confere.org.br\/wordpress\/wp-json\/wp\/v2\/users\/1"}],"replies":[{"embeddable":true,"href":"https:\/\/www.confere.org.br\/wordpress\/wp-json\/wp\/v2\/comments?post=957"}],"version-history":[{"count":9,"href":"https:\/\/www.confere.org.br\/wordpress\/wp-json\/wp\/v2\/posts\/957\/revisions"}],"predecessor-version":[{"id":992,"href":"https:\/\/www.confere.org.br\/wordpress\/wp-json\/wp\/v2\/posts\/957\/revisions\/992"}],"wp:featuredmedia":[{"embeddable":true,"href":"https:\/\/www.confere.org.br\/wordpress\/wp-json\/wp\/v2\/media\/958"}],"wp:attachment":[{"href":"https:\/\/www.confere.org.br\/wordpress\/wp-json\/wp\/v2\/media?parent=957"}],"wp:term":[{"taxonomy":"category","embeddable":true,"href":"https:\/\/www.confere.org.br\/wordpress\/wp-json\/wp\/v2\/categories?post=957"},{"taxonomy":"post_tag","embeddable":true,"href":"https:\/\/www.confere.org.br\/wordpress\/wp-json\/wp\/v2\/tags?post=957"}],"curies":[{"name":"wp","href":"https:\/\/api.w.org\/{rel}","templated":true}]}}