{"id":9739,"date":"2022-12-14T12:45:36","date_gmt":"2022-12-14T15:45:36","guid":{"rendered":"https:\/\/www.confere.org.br\/wordpress\/?p=9739"},"modified":"2022-12-14T12:46:20","modified_gmt":"2022-12-14T15:46:20","slug":"honra-ao-merito-homenageia-profissionais-e-exalta-forca-da-representacao-comercial-no-ceara","status":"publish","type":"post","link":"https:\/\/www.confere.org.br\/wordpress\/honra-ao-merito-homenageia-profissionais-e-exalta-forca-da-representacao-comercial-no-ceara\/","title":{"rendered":"Honra ao M\u00e9rito homenageia profissionais e exalta for\u00e7a da representa\u00e7\u00e3o comercial no Cear\u00e1"},"content":{"rendered":"\n<p>As honrarias s\u00e3o concedidas anualmente pelo Conselho Regional dos Representantes Comerciais no Estado do Cear\u00e1 (Core-CE) e destinadas aos profissionais com trajet\u00f3ria de dedica\u00e7\u00e3o e contribui\u00e7\u00e3o ao desenvolvimento da profiss\u00e3o.<\/p>\n<p>\u00a0<\/p>\n<p><a href=\"http:\/\/corece.org.br\/novo\/honra-ao-merito-homenageia-profissionais-e-exalta-forca-da-representacao-comercial-no-ceara\/\" target=\"_blank\" rel=\"noopener\">http:\/\/corece.org.br\/novo\/honra-ao-merito-homenageia-profissionais-e-exalta-forca-da-representacao-comercial-no-ceara\/<\/a><\/p>\n","protected":false},"excerpt":{"rendered":"<p>Em noite solene de reconhecimento e rever\u00eancia \u00e0 representa\u00e7\u00e3o comercial no Cear\u00e1, 15 profissionais da categoria foram homenageados durante a cerim\u00f4nia de Honra ao M\u00e9rito da Representa\u00e7\u00e3o Comercial de 2022.<\/p>\n","protected":false},"author":3,"featured_media":9740,"comment_status":"closed","ping_status":"closed","sticky":false,"template":"","format":"standard","meta":[],"categories":[34,49],"tags":[],"_links":{"self":[{"href":"https:\/\/www.confere.org.br\/wordpress\/wp-json\/wp\/v2\/posts\/9739"}],"collection":[{"href":"https:\/\/www.confere.org.br\/wordpress\/wp-json\/wp\/v2\/posts"}],"about":[{"href":"https:\/\/www.confere.org.br\/wordpress\/wp-json\/wp\/v2\/types\/post"}],"author":[{"embeddable":true,"href":"https:\/\/www.confere.org.br\/wordpress\/wp-json\/wp\/v2\/users\/3"}],"replies":[{"embeddable":true,"href":"https:\/\/www.confere.org.br\/wordpress\/wp-json\/wp\/v2\/comments?post=9739"}],"version-history":[{"count":1,"href":"https:\/\/www.confere.org.br\/wordpress\/wp-json\/wp\/v2\/posts\/9739\/revisions"}],"predecessor-version":[{"id":9741,"href":"https:\/\/www.confere.org.br\/wordpress\/wp-json\/wp\/v2\/posts\/9739\/revisions\/9741"}],"wp:featuredmedia":[{"embeddable":true,"href":"https:\/\/www.confere.org.br\/wordpress\/wp-json\/wp\/v2\/media\/9740"}],"wp:attachment":[{"href":"https:\/\/www.confere.org.br\/wordpress\/wp-json\/wp\/v2\/media?parent=9739"}],"wp:term":[{"taxonomy":"category","embeddable":true,"href":"https:\/\/www.confere.org.br\/wordpress\/wp-json\/wp\/v2\/categories?post=9739"},{"taxonomy":"post_tag","embeddable":true,"href":"https:\/\/www.confere.org.br\/wordpress\/wp-json\/wp\/v2\/tags?post=9739"}],"curies":[{"name":"wp","href":"https:\/\/api.w.org\/{rel}","templated":true}]}}