{"id":9742,"date":"2022-12-14T13:17:03","date_gmt":"2022-12-14T16:17:03","guid":{"rendered":"https:\/\/www.confere.org.br\/wordpress\/?p=9742"},"modified":"2023-03-28T10:32:22","modified_gmt":"2023-03-28T13:32:22","slug":"eleicao-core-es-trienio-2023-2026-2","status":"publish","type":"post","link":"https:\/\/www.confere.org.br\/wordpress\/eleicao-core-es-trienio-2023-2026-2\/","title":{"rendered":"ELEI\u00c7\u00c3O CORE-ES &#8211; TRI\u00caNIO 2023\/2026"},"content":{"rendered":"\n<p><span class=\"x_ContentPasted0\">1. Resolu\u00e7\u00e3o 2.049\/2022 &#8211; Confere<br \/><\/span><a href=\"https:\/\/www.confere.org.br\/wordpress\/wp-content\/uploads\/2022\/12\/Resolucao-DOU-09-12.22_ES.pdf\" target=\"_blank\" rel=\"noopener\">&#8211; Publica\u00e7\u00e3o do Di\u00e1rio Oficial da Uni\u00e3o de 09.12.2022<\/a><\/p>\n<p><span class=\"x_ContentPasted0\"><br \/>2. Edital de Convoca\u00e7\u00e3o<br \/><\/span><span class=\"x_ContentPasted0\"><a href=\"https:\/\/www.confere.org.br\/wordpress\/wp-content\/uploads\/2022\/12\/Edital-de-Convocacao-DOU-0912.22.pdf\" target=\"_blank\" rel=\"noopener\">&#8211; Publica\u00e7\u00e3o do Di\u00e1rio Oficial da Uni\u00e3o de 09.12.2022<\/a><br \/><\/span><a href=\"https:\/\/www.confere.org.br\/wordpress\/wp-content\/uploads\/2022\/12\/Edital-de-Convocacao-Jornal-A-Tribuna-14-12-22.pdf\" target=\"_blank\" rel=\"noopener\"><span class=\"x_ContentPasted0\">&#8211; Publica\u00e7\u00e3o do jornal &#8220;A Tribuna&#8221; de 14.12.2022<\/span><\/a><\/p>\n<p><br \/><a href=\"https:\/\/www.confere.org.br\/wordpress\/wp-content\/uploads\/2022\/12\/Regulamento-Eleitoral-CORE-ES.pdf\" target=\"_blank\" rel=\"noopener\"><span class=\"x_ContentPasted0\">3. Regulamento Eleitoral<\/span><\/a><\/p>\n<p><br \/><a href=\"https:\/\/www.confere.org.br\/wordpress\/wp-content\/uploads\/2022\/12\/REQUERIMENTO-REGISTRO-DE-CHAPA-CORE-ES.pdf\" target=\"_blank\" rel=\"noopener\"><span class=\"x_ContentPasted0\">4. Requerimento de Registro de Chapa<\/span><\/a><\/p>\n<p><br \/><a href=\"https:\/\/www.confere.org.br\/wordpress\/wp-content\/uploads\/2022\/12\/FICHA-DE-QUALIFICACAO-CORE-ES.pdf\" target=\"_blank\" rel=\"noopener\"><span class=\"x_ContentPasted0\">5. Ficha de Qualifica\u00e7\u00e3o<\/span><\/a><\/p>\n<p><br \/><a href=\"https:\/\/www.confere.org.br\/wordpress\/wp-content\/uploads\/2022\/12\/DECLARACAO-DE-AQUIESCENCIA-CORE-ES.pdf\" target=\"_blank\" rel=\"noopener\"><span class=\"x_ContentPasted0\"><span class=\"x_ContentPasted0 x_ContentPasted1\">6. Declara\u00e7\u00e3o de Aquiesc\u00eancia<\/span><\/span><\/a><\/p>\n<p><br \/>7. Aviso de Registro de Chapa<\/p>\n<p><a href=\"https:\/\/www.confere.org.br\/wordpress\/wp-content\/uploads\/2023\/01\/Aviso-de-Deferimento-de-Registro-de-Chapa-DOU.pdf\" target=\"_blank\" rel=\"noopener\">&#8211; Publicado no DOU, no dia 04\/01\/2023<\/a><\/p>\n<p><a href=\"https:\/\/www.confere.org.br\/wordpress\/wp-content\/uploads\/2023\/01\/Aviso-de-Deferimento-de-Registro-de-Chapa-A-Tribuna.pdf\" target=\"_blank\" rel=\"noopener\">&#8211; Publicado no Jornal A Tribuna, no dia 04\/01\/2023<\/a><\/p>\n","protected":false},"excerpt":{"rendered":"<p>Processo Eleitoral para composi\u00e7\u00e3o do Core-ES<\/p>\n","protected":false},"author":3,"featured_media":0,"comment_status":"closed","ping_status":"closed","sticky":false,"template":"","format":"standard","meta":[],"categories":[43],"tags":[],"_links":{"self":[{"href":"https:\/\/www.confere.org.br\/wordpress\/wp-json\/wp\/v2\/posts\/9742"}],"collection":[{"href":"https:\/\/www.confere.org.br\/wordpress\/wp-json\/wp\/v2\/posts"}],"about":[{"href":"https:\/\/www.confere.org.br\/wordpress\/wp-json\/wp\/v2\/types\/post"}],"author":[{"embeddable":true,"href":"https:\/\/www.confere.org.br\/wordpress\/wp-json\/wp\/v2\/users\/3"}],"replies":[{"embeddable":true,"href":"https:\/\/www.confere.org.br\/wordpress\/wp-json\/wp\/v2\/comments?post=9742"}],"version-history":[{"count":4,"href":"https:\/\/www.confere.org.br\/wordpress\/wp-json\/wp\/v2\/posts\/9742\/revisions"}],"predecessor-version":[{"id":10673,"href":"https:\/\/www.confere.org.br\/wordpress\/wp-json\/wp\/v2\/posts\/9742\/revisions\/10673"}],"wp:attachment":[{"href":"https:\/\/www.confere.org.br\/wordpress\/wp-json\/wp\/v2\/media?parent=9742"}],"wp:term":[{"taxonomy":"category","embeddable":true,"href":"https:\/\/www.confere.org.br\/wordpress\/wp-json\/wp\/v2\/categories?post=9742"},{"taxonomy":"post_tag","embeddable":true,"href":"https:\/\/www.confere.org.br\/wordpress\/wp-json\/wp\/v2\/tags?post=9742"}],"curies":[{"name":"wp","href":"https:\/\/api.w.org\/{rel}","templated":true}]}}