{"id":9875,"date":"2022-12-21T10:22:36","date_gmt":"2022-12-21T13:22:36","guid":{"rendered":"https:\/\/www.confere.org.br\/wordpress\/?p=9875"},"modified":"2023-03-28T10:31:28","modified_gmt":"2023-03-28T13:31:28","slug":"eleicao-core-ce-trienio-2023-2026","status":"publish","type":"post","link":"https:\/\/www.confere.org.br\/wordpress\/eleicao-core-ce-trienio-2023-2026\/","title":{"rendered":"ELEI\u00c7\u00c3O CORE-CE &#8211; TRI\u00caNIO 2023\/2026"},"content":{"rendered":"\n<p>1.Edital de Convoca\u00e7\u00e3o<\/p>\n\n\n\n<p><a rel=\"noreferrer noopener\" href=\"https:\/\/www.confere.org.br\/wordpress\/wp-content\/uploads\/2022\/12\/Edital-de-Convocacao-DOU-20.12.2022.pdf\" target=\"_blank\">Publica\u00e7\u00e3o do Di\u00e1rio Oficial da Uni\u00e3o, de 20.12.2022<\/a><\/p>\n\n\n\n<p><a rel=\"noreferrer noopener\" href=\"https:\/\/www.confere.org.br\/wordpress\/wp-content\/uploads\/2022\/12\/Edital-de-Convocacao-Diario-do-Nordeste-20.12.2022.pdf\" target=\"_blank\">Publica\u00e7\u00e3o do Jornal &#8220;Di\u00e1rio do Nordeste&#8221;, de 20.12.2022<\/a><\/p>\n\n\n\n<p>2. <a rel=\"noreferrer noopener\" href=\"https:\/\/www.confere.org.br\/wordpress\/wp-content\/uploads\/2022\/12\/Regulamento-Eleitoral-Eleicao-Core-CE.pdf\" target=\"_blank\">Regulamento Eleitoral<\/a><\/p>\n\n\n\n<p>3. <a rel=\"noreferrer noopener\" href=\"https:\/\/www.confere.org.br\/wordpress\/wp-content\/uploads\/2022\/12\/REQUERIMENTO-REGISTRO-DE-CHAPA-CORE-CE.pdf\" target=\"_blank\">Requerimento de Registro de Chapa<\/a><\/p>\n\n\n\n<p>4. <a rel=\"noreferrer noopener\" href=\"https:\/\/www.confere.org.br\/wordpress\/wp-content\/uploads\/2022\/12\/Ficha-de-Qualificacao-de-Candidato-Core-CE.pdf\" target=\"_blank\">Ficha de Qualifica\u00e7\u00e3o<\/a><\/p>\n\n\n\n<p>5. <a rel=\"noreferrer noopener\" href=\"https:\/\/www.confere.org.br\/wordpress\/wp-content\/uploads\/2022\/12\/DECLARACAO-DE-AQUIESCENCIA-CORE-CE.pdf\" target=\"_blank\">Declara\u00e7\u00e3o de Aquiesc\u00eancia<\/a><\/p>\n\n\n\n<p>6. Aviso de Registro de Chapa<\/p>\n\n\n\n<p><a href=\"https:\/\/www.confere.org.br\/wordpress\/wp-content\/uploads\/2023\/01\/SIRECOM-DOU-060123-JAMES-98726-1367_230106_110807.pdf\" target=\"_blank\" rel=\"noreferrer noopener\">Publica\u00e7\u00e3o do Di\u00e1rio Oficial da Uni\u00e3o, de 06\/01\/2023<\/a><\/p>\n\n\n\n<p><a href=\"https:\/\/www.confere.org.br\/wordpress\/wp-content\/uploads\/2023\/01\/DN-PAGINA-COM-PUBLICAC\u0327A\u0303O-DA-SIRECOM-060123.pdf\" target=\"_blank\" rel=\"noreferrer noopener\">Publica\u00e7\u00e3o do Jornal &#8220;Di\u00e1rio do Nordeste&#8221;, de 06\/01\/2023<\/a><\/p>\n","protected":false},"excerpt":{"rendered":"<p>Processo Eleitoral para composi\u00e7\u00e3o do Core-CE<\/p>\n","protected":false},"author":3,"featured_media":0,"comment_status":"closed","ping_status":"closed","sticky":false,"template":"","format":"standard","meta":[],"categories":[43],"tags":[],"_links":{"self":[{"href":"https:\/\/www.confere.org.br\/wordpress\/wp-json\/wp\/v2\/posts\/9875"}],"collection":[{"href":"https:\/\/www.confere.org.br\/wordpress\/wp-json\/wp\/v2\/posts"}],"about":[{"href":"https:\/\/www.confere.org.br\/wordpress\/wp-json\/wp\/v2\/types\/post"}],"author":[{"embeddable":true,"href":"https:\/\/www.confere.org.br\/wordpress\/wp-json\/wp\/v2\/users\/3"}],"replies":[{"embeddable":true,"href":"https:\/\/www.confere.org.br\/wordpress\/wp-json\/wp\/v2\/comments?post=9875"}],"version-history":[{"count":5,"href":"https:\/\/www.confere.org.br\/wordpress\/wp-json\/wp\/v2\/posts\/9875\/revisions"}],"predecessor-version":[{"id":10073,"href":"https:\/\/www.confere.org.br\/wordpress\/wp-json\/wp\/v2\/posts\/9875\/revisions\/10073"}],"wp:attachment":[{"href":"https:\/\/www.confere.org.br\/wordpress\/wp-json\/wp\/v2\/media?parent=9875"}],"wp:term":[{"taxonomy":"category","embeddable":true,"href":"https:\/\/www.confere.org.br\/wordpress\/wp-json\/wp\/v2\/categories?post=9875"},{"taxonomy":"post_tag","embeddable":true,"href":"https:\/\/www.confere.org.br\/wordpress\/wp-json\/wp\/v2\/tags?post=9875"}],"curies":[{"name":"wp","href":"https:\/\/api.w.org\/{rel}","templated":true}]}}