{"id":9894,"date":"2022-12-21T16:34:09","date_gmt":"2022-12-21T19:34:09","guid":{"rendered":"https:\/\/www.confere.org.br\/wordpress\/?p=9894"},"modified":"2022-12-21T16:34:13","modified_gmt":"2022-12-21T19:34:13","slug":"2022-resolucao-no-2-053-2022","status":"publish","type":"post","link":"https:\/\/www.confere.org.br\/wordpress\/2022-resolucao-no-2-053-2022\/","title":{"rendered":"2022 &#8211; Resolu\u00e7\u00e3o n\u00ba 2.053\/2022"},"content":{"rendered":"\n<p>Revoga a Resolu\u00e7\u00e3o n\u00ba 142\/2001 e regulamenta a concess\u00e3o de isen\u00e7\u00e3o de anuidades vencidas de representantes<br>portadores de determinadas doen\u00e7as que impossibilitam o exerc\u00edcio da atividade.<\/p>\n\n\n\n<p><a href=\"https:\/\/www.confere.org.br\/wordpress\/wp-content\/uploads\/2022\/12\/RESOLUCAO_2053_2022.pdf\" target=\"_blank\" rel=\"noreferrer noopener\">https:\/\/www.confere.org.br\/wordpress\/wp-content\/uploads\/2022\/12\/RESOLUCAO_2053_2022.pdf<\/a><\/p>\n","protected":false},"excerpt":{"rendered":"<p>2.053, Resolu\u00e7\u00e3o, https:\/\/www.confere.org.br\/wordpress\/wp-content\/uploads\/2022\/12\/RESOLUCAO_2053_2022.pdf<\/p>\n","protected":false},"author":3,"featured_media":0,"comment_status":"closed","ping_status":"closed","sticky":false,"template":"","format":"standard","meta":[],"categories":[52],"tags":[],"_links":{"self":[{"href":"https:\/\/www.confere.org.br\/wordpress\/wp-json\/wp\/v2\/posts\/9894"}],"collection":[{"href":"https:\/\/www.confere.org.br\/wordpress\/wp-json\/wp\/v2\/posts"}],"about":[{"href":"https:\/\/www.confere.org.br\/wordpress\/wp-json\/wp\/v2\/types\/post"}],"author":[{"embeddable":true,"href":"https:\/\/www.confere.org.br\/wordpress\/wp-json\/wp\/v2\/users\/3"}],"replies":[{"embeddable":true,"href":"https:\/\/www.confere.org.br\/wordpress\/wp-json\/wp\/v2\/comments?post=9894"}],"version-history":[{"count":1,"href":"https:\/\/www.confere.org.br\/wordpress\/wp-json\/wp\/v2\/posts\/9894\/revisions"}],"predecessor-version":[{"id":9895,"href":"https:\/\/www.confere.org.br\/wordpress\/wp-json\/wp\/v2\/posts\/9894\/revisions\/9895"}],"wp:attachment":[{"href":"https:\/\/www.confere.org.br\/wordpress\/wp-json\/wp\/v2\/media?parent=9894"}],"wp:term":[{"taxonomy":"category","embeddable":true,"href":"https:\/\/www.confere.org.br\/wordpress\/wp-json\/wp\/v2\/categories?post=9894"},{"taxonomy":"post_tag","embeddable":true,"href":"https:\/\/www.confere.org.br\/wordpress\/wp-json\/wp\/v2\/tags?post=9894"}],"curies":[{"name":"wp","href":"https:\/\/api.w.org\/{rel}","templated":true}]}}