{"id":9902,"date":"2022-12-21T16:42:59","date_gmt":"2022-12-21T19:42:59","guid":{"rendered":"https:\/\/www.confere.org.br\/wordpress\/?p=9902"},"modified":"2022-12-21T16:43:04","modified_gmt":"2022-12-21T19:43:04","slug":"2022-resolucao-no-2-058-2022","status":"publish","type":"post","link":"https:\/\/www.confere.org.br\/wordpress\/2022-resolucao-no-2-058-2022\/","title":{"rendered":"2022 &#8211; Resolu\u00e7\u00e3o n\u00ba 2.058\/2022"},"content":{"rendered":"\n<p>Revoga a Resolu\u00e7\u00e3o n\u00ba 1.172\/2020 e aprova Plano Nacional de Fiscaliza\u00e7\u00e3o do Exerc\u00edcio Profissional da Representa\u00e7\u00e3o Comercial, na gest\u00e3o 2022\/2025.<\/p>\n\n\n\n<p><a href=\"https:\/\/www.confere.org.br\/wordpress\/wp-content\/uploads\/2022\/12\/RESOLUCAO_2058_2022.pdf\" target=\"_blank\" rel=\"noreferrer noopener\">https:\/\/www.confere.org.br\/wordpress\/wp-content\/uploads\/2022\/12\/RESOLUCAO_2058_2022.pdf<\/a><\/p>\n","protected":false},"excerpt":{"rendered":"<p>2.058, Resolu\u00e7\u00e3o, https:\/\/www.confere.org.br\/wordpress\/wp-content\/uploads\/2022\/12\/RESOLUCAO_2058_2022.pdf<\/p>\n","protected":false},"author":3,"featured_media":0,"comment_status":"closed","ping_status":"closed","sticky":false,"template":"","format":"standard","meta":[],"categories":[52],"tags":[],"_links":{"self":[{"href":"https:\/\/www.confere.org.br\/wordpress\/wp-json\/wp\/v2\/posts\/9902"}],"collection":[{"href":"https:\/\/www.confere.org.br\/wordpress\/wp-json\/wp\/v2\/posts"}],"about":[{"href":"https:\/\/www.confere.org.br\/wordpress\/wp-json\/wp\/v2\/types\/post"}],"author":[{"embeddable":true,"href":"https:\/\/www.confere.org.br\/wordpress\/wp-json\/wp\/v2\/users\/3"}],"replies":[{"embeddable":true,"href":"https:\/\/www.confere.org.br\/wordpress\/wp-json\/wp\/v2\/comments?post=9902"}],"version-history":[{"count":1,"href":"https:\/\/www.confere.org.br\/wordpress\/wp-json\/wp\/v2\/posts\/9902\/revisions"}],"predecessor-version":[{"id":9903,"href":"https:\/\/www.confere.org.br\/wordpress\/wp-json\/wp\/v2\/posts\/9902\/revisions\/9903"}],"wp:attachment":[{"href":"https:\/\/www.confere.org.br\/wordpress\/wp-json\/wp\/v2\/media?parent=9902"}],"wp:term":[{"taxonomy":"category","embeddable":true,"href":"https:\/\/www.confere.org.br\/wordpress\/wp-json\/wp\/v2\/categories?post=9902"},{"taxonomy":"post_tag","embeddable":true,"href":"https:\/\/www.confere.org.br\/wordpress\/wp-json\/wp\/v2\/tags?post=9902"}],"curies":[{"name":"wp","href":"https:\/\/api.w.org\/{rel}","templated":true}]}}