{"id":9907,"date":"2022-12-22T08:52:39","date_gmt":"2022-12-22T11:52:39","guid":{"rendered":"https:\/\/www.confere.org.br\/wordpress\/?p=9907"},"modified":"2022-12-22T08:53:26","modified_gmt":"2022-12-22T11:53:26","slug":"diretoria-eleita-para-o-trienio-2022-2025-toma-posse","status":"publish","type":"post","link":"https:\/\/www.confere.org.br\/wordpress\/diretoria-eleita-para-o-trienio-2022-2025-toma-posse\/","title":{"rendered":"Diretoria eleita para o tri\u00eanio 2022\/2025 toma posse"},"content":{"rendered":"\n<p>Na \u00faltima ter\u00e7a-feira, 20 de dezembro, a manh\u00e3 foi de celebra\u00e7\u00e3o para os colaboradores e convidados do Core-SP que participaram da cerim\u00f4nia de posse da nova Diretoria, eleita para o tri\u00eanio 2022-2025.<\/p>\n\n\n\n<p>O evento ocorreu na Sala S\u00e3o Joaquim, situada no Hotel Leques, no bairro da Liberdade, contou com muitos depoimentos emocionantes dos conselheiros a respeito dos desafios enfrentados no per\u00edodo que compreende os anos de 2019 e 2022, dentre eles: evitar retrocessos na Legisla\u00e7\u00e3o por meio do di\u00e1logo com o Poder P\u00fablico &#8211; que se fez presente \u00e0 solidariedade por nomes com o Deputado Estadual Bruno &nbsp;Zambelli (PL-SP), cujo mandato ter\u00e1 in\u00edcio em 2023, e Alexandre Alves &#8211; al\u00e9m do Tenente da For\u00e7a A\u00e9rea Brasileira Valdimiro &nbsp;Macedo, assessor do Deputado Estadual Castello Branco (PL-SP).<\/p>\n\n\n\n<p>Outro ponto que mereceu destaque foi o compromisso firmado pela nova Diretoria em ajustar o Conselho \u00e0 novas tecnologias para fechar neg\u00f3cios e possibilitar o encontro entre esta entidade e seus registrados.<\/p>\n\n\n\n<p>No momento do discurso de posse, os integrantes da Diretoria aproveitaram para ressaltar que, pela primeira em seus 56 anos de exist\u00eancia, o Core-SP contar\u00e1 com duas conselheiras: as senhoras Karita Regina Martins Benitez e Lucimayre Ferreira Vilarino, que chegam para fortalecer as vozes femininas na representa\u00e7\u00e3o comercial paulista, al\u00e9m de promover e organizar mais eventos dedicados \u00e0s mulheres que desejam abra\u00e7ar a profiss\u00e3o.<\/p>\n\n\n\n<p>&#8220;Esperamos que os novos tempos tragam prosperidade e sucesso aos nossos conselheiros e aos representantes comerciais. Agradecemos a presen\u00e7a de todos, pois sabemos da estima que t\u00eam pela categoria. Foi uma data que, certamente, ser\u00e1 o marco de um novo ciclo na hist\u00f3ria do Core-SP&#8221;, ressaltou Sidney Fernandes Gutierrez, diretor-presidente do Core-SP.<\/p>\n\n\n\n<p><strong>Conhe\u00e7a a nova Diretoria do Core-SP<\/strong><\/p>\n\n\n\n<p>DIRETORIA EXECUTIVA<\/p>\n\n\n\n<p>Diretor-Presidente: Sidney Fernandes Gutierrez<\/p>\n\n\n\n<p>Diretor-Secret\u00e1rio: Jos\u00e9 Luiz Abrantes Pereira<\/p>\n\n\n\n<p>Diretor-Tesoureiro: F\u00e1bio Luis Lofrano<\/p>\n\n\n\n<p>CONSELHEIROS DIRETORES SUPLENTES<\/p>\n\n\n\n<p>1\u00ba Diretor Suplente: Maur\u00edcio Pereira da Silva<\/p>\n\n\n\n<p>2\u00ba Diretor Suplente: Jorge Leandro Pieretti<\/p>\n\n\n\n<p>3\u00aa Diretora Suplente: K\u00e1rita Regina Martins Benitez<\/p>\n\n\n\n<p>CONSELHEIROS COMPONENTES DA COMISS\u00c3O FISCAL<\/p>\n\n\n\n<p>Dante Orefice Junior<\/p>\n\n\n\n<p>F\u00e1bio Calil<\/p>\n\n\n\n<p>Lucimayre Ferreira Vilarino<\/p>\n\n\n\n<p>DELEGADOS REPRESENTANTES JUNTO AO CONFERE<\/p>\n\n\n\n<p>Efetivos: Sidney Fernandes Gutierrez e Jos\u00e9 Luiz Abrantes Pereira<\/p>\n\n\n\n<p>Suplentes: Maur\u00edcio Pereira da Silva e Dante Orefice Junior<\/p>\n","protected":false},"excerpt":{"rendered":"<p>Pela primeira vez, desde a cria\u00e7\u00e3o do Conselho, duas mulheres integrar\u00e3o o quadro de conselheiros<\/p>\n","protected":false},"author":3,"featured_media":9908,"comment_status":"closed","ping_status":"closed","sticky":false,"template":"","format":"standard","meta":[],"categories":[34,49,17],"tags":[],"_links":{"self":[{"href":"https:\/\/www.confere.org.br\/wordpress\/wp-json\/wp\/v2\/posts\/9907"}],"collection":[{"href":"https:\/\/www.confere.org.br\/wordpress\/wp-json\/wp\/v2\/posts"}],"about":[{"href":"https:\/\/www.confere.org.br\/wordpress\/wp-json\/wp\/v2\/types\/post"}],"author":[{"embeddable":true,"href":"https:\/\/www.confere.org.br\/wordpress\/wp-json\/wp\/v2\/users\/3"}],"replies":[{"embeddable":true,"href":"https:\/\/www.confere.org.br\/wordpress\/wp-json\/wp\/v2\/comments?post=9907"}],"version-history":[{"count":2,"href":"https:\/\/www.confere.org.br\/wordpress\/wp-json\/wp\/v2\/posts\/9907\/revisions"}],"predecessor-version":[{"id":9910,"href":"https:\/\/www.confere.org.br\/wordpress\/wp-json\/wp\/v2\/posts\/9907\/revisions\/9910"}],"wp:featuredmedia":[{"embeddable":true,"href":"https:\/\/www.confere.org.br\/wordpress\/wp-json\/wp\/v2\/media\/9908"}],"wp:attachment":[{"href":"https:\/\/www.confere.org.br\/wordpress\/wp-json\/wp\/v2\/media?parent=9907"}],"wp:term":[{"taxonomy":"category","embeddable":true,"href":"https:\/\/www.confere.org.br\/wordpress\/wp-json\/wp\/v2\/categories?post=9907"},{"taxonomy":"post_tag","embeddable":true,"href":"https:\/\/www.confere.org.br\/wordpress\/wp-json\/wp\/v2\/tags?post=9907"}],"curies":[{"name":"wp","href":"https:\/\/api.w.org\/{rel}","templated":true}]}}