{"id":9915,"date":"2022-12-22T10:29:29","date_gmt":"2022-12-22T13:29:29","guid":{"rendered":"https:\/\/www.confere.org.br\/wordpress\/?p=9915"},"modified":"2022-12-22T10:29:32","modified_gmt":"2022-12-22T13:29:32","slug":"gastos-de-natal-brasileiro-deve-dar-prioridade-a-comida-e-roupa-e-pagar-dividas","status":"publish","type":"post","link":"https:\/\/www.confere.org.br\/wordpress\/gastos-de-natal-brasileiro-deve-dar-prioridade-a-comida-e-roupa-e-pagar-dividas\/","title":{"rendered":"Gastos de Natal: Brasileiro deve dar prioridade a comida e roupa e pagar d\u00edvidas"},"content":{"rendered":"\n<p>O elevado comprometimento da renda com&nbsp;<strong>d\u00edvidas<\/strong>&nbsp;e os&nbsp;<a href=\"https:\/\/revistapegn.globo.com\/economia\/noticia\/2022\/12\/juros-em-dia-volatil-taxas-terminam-de-lado-com-noticiario-politico-no-radar.ghtml\">altos juros&nbsp;<\/a>dos financiamentos devem frear o consumo neste&nbsp;<strong>Natal<\/strong>&nbsp;de itens de maior valor, como eletrodom\u00e9sticos e eletroeletr\u00f4nicos, normalmente comprados a prazo.<br><br>Apesar da alta de pre\u00e7os dos&nbsp;<a href=\"https:\/\/revistapegn.globo.com\/Banco-de-ideias\/Alimentacao\/noticia\/2022\/05\/35-alimentos-que-ajudam-melhorar-o-humor-e-energia-segundo-nutricionista.html\">alimentos<\/a>, a expectativa \u00e9 este seja o Natal da&nbsp;<strong>comida<\/strong>, da&nbsp;<strong>bebida<\/strong>&nbsp;e das&nbsp;<strong>roupas<\/strong>, itens de menor valor e normalmente pagos \u00e0 vista ou, no m\u00e1ximo, parcelado no cart\u00e3o. Tamb\u00e9m a volta das confraterniza\u00e7\u00f5es em fam\u00edlia deve dar um impulso extra \u00e0s vendas dos b\u00e1sicos.<\/p>\n\n\n\n<p>Mais de 70% do faturamento total do varejo neste final de ano, projetado em R$ 65,01 bilh\u00f5es pela Confedera\u00e7\u00e3o Nacional do Com\u00e9rcio de Bens, Servi\u00e7os e Turismo (CNC), dever\u00e3o estar concentrados em comida, bebida e artigos de vestu\u00e1rio.<\/p>\n\n\n\n<p>Se as proje\u00e7\u00f5es se confirmarem, a grande fatia de alimentos e itens de vestu\u00e1rio nas vendas em dezembro ser\u00e1 uma marca in\u00e9dita. &#8220;Nos \u00faltimos anos, n\u00e3o lembro de uma concentra\u00e7\u00e3o t\u00e3o forte (72,5%) de vendas em alimentos, bebidas e vestu\u00e1rio&#8221;, afirma o economista-chefe da CNC, Fabio Bentes.<br><br>A receita com&nbsp;<a href=\"https:\/\/revistapegn.globo.com\/Economia\/noticia\/2022\/08\/vendas-de-bens-duraveis-ficam-913-abaixo-do-nivel-pre-pandemia-diz-fgv.html\">bens dur\u00e1veis<\/a>&nbsp;de dezembro \u00e9 um indicador antecedente importante para a economia como um todo, porque alavanca a atividade no in\u00edcio do ano. Quando o resultado da comercializa\u00e7\u00e3o desses itens em dezembro \u00e9 favor\u00e1vel, a ind\u00fastria come\u00e7a janeiro com p\u00e9 direito e a reposi\u00e7\u00e3o de estoques puxa uma longa cadeia de produ\u00e7\u00e3o, emprego e renda.<br><br>Para este ano, no entanto, a perspectiva \u00e9 que o faturamento real (descontada a infla\u00e7\u00e3o) do Natal com dur\u00e1veis recue para R$12,8 bilh\u00f5es, ante R$ 13 bilh\u00f5es em dezembro de 2021, e atinja o menor patamar de receita para o m\u00eas em 12 anos.<br><br>Um dos fatores para o fraco desempenho na venda de dur\u00e1veis \u00e9 o fato de o brasileiro chegar neste Natal com quase 30% da sua renda comprometida com pagamento de d\u00edvidas, aponta um estudo feito pelo economista da CNC, a pedido do Estad\u00e3o, para avaliar o impacto do empenho da renda e da alta dos juros no consumo de final de ano. Esse \u00e9 o maior n\u00edvel de comprometimento da renda para os meses de dezembro desde o in\u00edcio da s\u00e9rie em 2010, segundo dados do Banco Central (BC).<br><br>Tamb\u00e9m o juro cobrado nos financiamentos de dur\u00e1veis, excluindo ve\u00edculos, que atingiu 31,7% ao ano em outubro, de acordo com o BC, pesa sobre o consumo a prazo. Com a perspectiva de a taxa continuar pressionada, porque a infla\u00e7\u00e3o voltou a subir nos \u00faltimos meses, o juro ao consumidor para compra de bens dur\u00e1veis deve encerrar 2022 no maior n\u00edvel para dezembro desde do in\u00edcio da s\u00e9rie, em 2011.<br><br>Levantamento da CNC mostra que, pelo segundo ano consecutivo, em 2022 o pagamento de d\u00edvidas ser\u00e1 o principal destino da segunda parcela do 13\u00ba sal\u00e1rio (37,8%), seguido pelos gastos com consumo de bens (33%). &#8220;Este ser\u00e1 o&nbsp;<a href=\"https:\/\/revistapegn.globo.com\/gestao-de-pessoas\/noticia\/2022\/12\/10-frases-de-natal-para-enviar-aos-clientes-e-expressar-seus-agradecimentos.ghtml\">Natal<\/a>&nbsp;do consumo poss\u00edvel, acess\u00edvel&#8221;, frisa Bentes.<br><br>Diante desse cen\u00e1rio, lojas de eletroeletr\u00f4nicos buscam alternativas para alavancar vendas e supermercados j\u00e1 se prepararam para o crescimento no volume de neg\u00f3cios na casa de dois d\u00edgitos.<br><\/p>\n\n\n\n<h2>Casas Bahia faz campanha de &#8216;parcelinha&#8217; de R$ 29,90<\/h2>\n\n\n\n<p>A Casas Bahia, por exemplo, uma das principais varejistas de eletroeletr\u00f4nicos, come\u00e7ou no dia 9 deste m\u00eas uma campanha de Natal na qual a parcela m\u00ednima de produtos comprados a prazo no cart\u00e3o da loja e de terceiros \u00e9 de R$ 29,90. A empresa informa que o objetivo dessa condi\u00e7\u00e3o comercial para as compras na loja f\u00edsica, site e aplicativo, \u00e9 tornar as compras acess\u00edveis &#8220;a todos os bolsos&#8221;. A estrat\u00e9gia envolve itens selecionados, como smartphones, games, brinquedos, por exemplo.<br><br>A varejista n\u00e3o detalha os motivos para fixar a parcela em R$ 29,90. Coincid\u00eancia ou n\u00e3o, nesta semana um Chocottone Maxi, de 500 gramas, da marca Bauducco, era vendido na loja do Carrefour do Bairro do Lim\u00e3o (SP) por R$ 29,99.<br><br>A perspectiva mais favor\u00e1vel \u00e0 venda de alimentos neste Natal em rela\u00e7\u00e3o aos dur\u00e1veis animou os supermercados. Pesquisa da Associa\u00e7\u00e3o Brasileira de Supermercados (Abras) mostra que 66% das empresas projetam aumento de vendas de 11,2% nas quantidades de carnes natalinas, entre aves, su\u00ednos, frangos e bovinos. No caso das bebidas, que incluem cervejas, vinhos, espumantes, destilados e refrigerantes, a alta esperada \u00e9 de 12,5% ante dezembro de 2021.<br><br>Em outros anos, o crescimento em dezembro girava em torno de 8%, lembra o vice-presidente da Abras, Marcio Milan. &#8220;Este ano a expectativa de crescimento de dois d\u00edgitos dos supermercados surpreendeu.&#8221;<br><br>Ele lembra que hoje h\u00e1 mais dinheiro em circula\u00e7\u00e3o na economia e isso deve impulsionar as vendas neste fim de ano. De 2021 para 2022, por exemplo, s\u00e3o 3 milh\u00f5es de empregados a mais com carteira assinada e recebendo o 13\u00ba sal\u00e1rio. Al\u00e9m disso, diz o executivo da Abras, hoje h\u00e1 um milh\u00e3o a mais de benefici\u00e1rios do aux\u00edlio do governo, que aumentou de R$ 400 para R$ 600. &#8220;No ano passado, n\u00e3o tinha aux\u00edlio caminhoneiro nem taxista.&#8221;<br><br>Com a pandemia sob controle, tamb\u00e9m as festas de fam\u00edlia devem aumentar este ano. E isso acaba sendo um empurr\u00e3o extra nas vendas de alimentos e bebidas.<br><\/p>\n\n\n\n<h2>Infla\u00e7\u00e3o resiste<\/h2>\n\n\n\n<p>O aumento de dois d\u00edgitos nas vendas de alimentos e bebidas \u00e9 esperado pelos supermercados, apesar do avan\u00e7o nos pre\u00e7os. No in\u00edcio do m\u00eas, a Abras pesquisou o custo de dez itens muito consumidos no Natal e constatou que, na m\u00e9dia do Pa\u00eds, a cesta neste ano est\u00e1 9,8% mais cara em rela\u00e7\u00e3o a 2021. A perspectiva, segundo Milan, \u00e9 que os pre\u00e7os recuem com a proximidade das festas e o recebimento da segunda parcela do 13\u00ba sal\u00e1rio. O dirigente da Abras diz que a concorr\u00eancia entre varejistas aumentou muito e que a perspectiva \u00e9 de um volume maior de ofertas comparativamente a outros anos, fruto de negocia\u00e7\u00f5es entre ind\u00fastria e supermercados.<\/p>\n\n\n\n<p>Fonte: Estad\u00e3o Conte\u00fado<\/p>\n","protected":false},"excerpt":{"rendered":"<p>Proje\u00e7\u00e3o da CNC afirma que mais de 70% do faturamento total do varejo neste final de ano, que deve ser de R$ 65,01 bilh\u00f5es, dever\u00e3o estar concentrados em comida, bebida e artigos de vestu\u00e1rio<\/p>\n","protected":false},"author":3,"featured_media":3729,"comment_status":"closed","ping_status":"closed","sticky":false,"template":"","format":"standard","meta":[],"categories":[17,2],"tags":[],"_links":{"self":[{"href":"https:\/\/www.confere.org.br\/wordpress\/wp-json\/wp\/v2\/posts\/9915"}],"collection":[{"href":"https:\/\/www.confere.org.br\/wordpress\/wp-json\/wp\/v2\/posts"}],"about":[{"href":"https:\/\/www.confere.org.br\/wordpress\/wp-json\/wp\/v2\/types\/post"}],"author":[{"embeddable":true,"href":"https:\/\/www.confere.org.br\/wordpress\/wp-json\/wp\/v2\/users\/3"}],"replies":[{"embeddable":true,"href":"https:\/\/www.confere.org.br\/wordpress\/wp-json\/wp\/v2\/comments?post=9915"}],"version-history":[{"count":1,"href":"https:\/\/www.confere.org.br\/wordpress\/wp-json\/wp\/v2\/posts\/9915\/revisions"}],"predecessor-version":[{"id":9916,"href":"https:\/\/www.confere.org.br\/wordpress\/wp-json\/wp\/v2\/posts\/9915\/revisions\/9916"}],"wp:featuredmedia":[{"embeddable":true,"href":"https:\/\/www.confere.org.br\/wordpress\/wp-json\/wp\/v2\/media\/3729"}],"wp:attachment":[{"href":"https:\/\/www.confere.org.br\/wordpress\/wp-json\/wp\/v2\/media?parent=9915"}],"wp:term":[{"taxonomy":"category","embeddable":true,"href":"https:\/\/www.confere.org.br\/wordpress\/wp-json\/wp\/v2\/categories?post=9915"},{"taxonomy":"post_tag","embeddable":true,"href":"https:\/\/www.confere.org.br\/wordpress\/wp-json\/wp\/v2\/tags?post=9915"}],"curies":[{"name":"wp","href":"https:\/\/api.w.org\/{rel}","templated":true}]}}