{"id":9924,"date":"2022-12-26T09:19:27","date_gmt":"2022-12-26T12:19:27","guid":{"rendered":"https:\/\/www.confere.org.br\/wordpress\/?p=9924"},"modified":"2022-12-26T09:19:30","modified_gmt":"2022-12-26T12:19:30","slug":"procon-orienta-consumidores-sobre-trocas-de-presentes-de-natal","status":"publish","type":"post","link":"https:\/\/www.confere.org.br\/wordpress\/procon-orienta-consumidores-sobre-trocas-de-presentes-de-natal\/","title":{"rendered":"Procon orienta consumidores sobre trocas de presentes de Natal"},"content":{"rendered":"\n<p>O tamanho n\u00e3o serviu, a cor n\u00e3o agradou, a pessoa j\u00e1 tinha o item, enfim, aquele presente recebido n\u00e3o agradou. Com isso, essa segunda-feira (26), torna-se, informalmente, o dia mundial das trocas&nbsp;e as lojas ficam cheias de clientes, desta vez, para trocar o presente de Natal.&nbsp;<img src=\"https:\/\/agenciabrasil.ebc.com.br\/ebc.png?id=1499878&amp;o=node\"><img src=\"https:\/\/agenciabrasil.ebc.com.br\/ebc.gif?id=1499878&amp;o=node\"><\/p>\n\n\n\n<p>O&nbsp;<a href=\"https:\/\/www.procon.sp.gov.br\/wp-content\/uploads\/files\/CDCcompleto.pdf\" target=\"_blank\" rel=\"noreferrer noopener\">C\u00f3digo de Defesa do Consumidor<\/a>&nbsp;n\u00e3o obriga a loja ou o fornecedor a fazer uma troca por motivo de gosto ou tamanho, a medida s\u00f3 passa a ser obrigat\u00f3ria se no momento da venda tenha&nbsp;se comprometeu a faz\u00ea-la.&nbsp;<\/p>\n\n\n\n<p>O recomendado ent\u00e3o \u00e9, antes de fazer a compra do presente, que o consumidor se informe sobre a possibilidade e as condi\u00e7\u00f5es para trocar o produto, por exemplo, manter etiqueta, apresentar o cupom fiscal ou cupom de troca.<\/p>\n\n\n\n<p>A Funda\u00e7\u00e3o Procon de S\u00e3o Paulo . Recomenda\u00e7\u00e3o&nbsp; e, em pe\u00e7as de vestu\u00e1rio, manter a etiqueta do produto.<\/p>\n\n\n\n<p>Segundo a entidade, ao efetuar a troca, dever\u00e1 prevalecer o valor pago pelo produto, mesmo quando houver liquida\u00e7\u00f5es ou aumento do pre\u00e7o. Lembrando que, quando a troca \u00e9 pelo mesmo produto (marca e modelo, mudando apenas o tamanho ou a cor), o fornecedor n\u00e3o pode exigir complemento de valor, nem o consumidor solicitar abatimento do pre\u00e7o, caso haja mudan\u00e7a entre o que foi pago e o valor no dia da troca.<\/p>\n\n\n\n<p>Caso o produto comprado apresente algum defeito ou problema, o fornecedor tem at\u00e9 30 dias para solucionar. Se o reparo n\u00e3o for realizado neste prazo, o consumidor pode optar pela troca do produto, devolu\u00e7\u00e3o do dinheiro ou abatimento proporcional do pre\u00e7o.<\/p>\n\n\n\n<p>Se o produto for essencial ou se, em virtude da extens\u00e3o do defeito apresentado, a substitui\u00e7\u00e3o das partes danificadas comprometer as caracter\u00edsticas fundamentais do produto ou diminuir o seu valor, \u00e9 direito do consumidor a troca imediata ou a devolu\u00e7\u00e3o do valor pago.<\/p>\n\n\n\n<p>Se o consumidor tiver&nbsp; algum problema para efetuar a troca, ele pode procurar o&nbsp;<a href=\"https:\/\/www.procon.sp.gov.br\/espaco-consumidor\/\" target=\"_blank\" rel=\"noreferrer noopener\">Procon-SP<\/a>&nbsp;para formalizar sua queixa.<\/p>\n\n\n\n<h2>Prazo de arrependimento&nbsp;<\/h2>\n\n\n\n<p>Nas compras feitas fora do estabelecimento comercial, como \u00e9 o caso das compras pela internet, o consumidor pode desistir da compra. \u00c9 o direito de arrependimento, que pode ser exercido em at\u00e9 sete dias da data da aquisi\u00e7\u00e3o ou recebimento do produto.<\/p>\n\n\n\n<p>Segundo o Procon, \u00e9 importante que o consumidor formalize a desist\u00eancia por escrito e\u00a0 se j\u00e1 tiver recebido o produto, dever\u00e1 devolv\u00ea-lo tendo direito a receber de volta o valor pago.<\/p>\n\n\n\n<p>Fonte: Ag\u00eancia Brasil<\/p>\n","protected":false},"excerpt":{"rendered":"<p>O C\u00f3digo de Defesa do Consumidor garante a troca se houver defeito<\/p>\n","protected":false},"author":3,"featured_media":2250,"comment_status":"closed","ping_status":"closed","sticky":false,"template":"","format":"standard","meta":[],"categories":[2],"tags":[],"_links":{"self":[{"href":"https:\/\/www.confere.org.br\/wordpress\/wp-json\/wp\/v2\/posts\/9924"}],"collection":[{"href":"https:\/\/www.confere.org.br\/wordpress\/wp-json\/wp\/v2\/posts"}],"about":[{"href":"https:\/\/www.confere.org.br\/wordpress\/wp-json\/wp\/v2\/types\/post"}],"author":[{"embeddable":true,"href":"https:\/\/www.confere.org.br\/wordpress\/wp-json\/wp\/v2\/users\/3"}],"replies":[{"embeddable":true,"href":"https:\/\/www.confere.org.br\/wordpress\/wp-json\/wp\/v2\/comments?post=9924"}],"version-history":[{"count":1,"href":"https:\/\/www.confere.org.br\/wordpress\/wp-json\/wp\/v2\/posts\/9924\/revisions"}],"predecessor-version":[{"id":9925,"href":"https:\/\/www.confere.org.br\/wordpress\/wp-json\/wp\/v2\/posts\/9924\/revisions\/9925"}],"wp:featuredmedia":[{"embeddable":true,"href":"https:\/\/www.confere.org.br\/wordpress\/wp-json\/wp\/v2\/media\/2250"}],"wp:attachment":[{"href":"https:\/\/www.confere.org.br\/wordpress\/wp-json\/wp\/v2\/media?parent=9924"}],"wp:term":[{"taxonomy":"category","embeddable":true,"href":"https:\/\/www.confere.org.br\/wordpress\/wp-json\/wp\/v2\/categories?post=9924"},{"taxonomy":"post_tag","embeddable":true,"href":"https:\/\/www.confere.org.br\/wordpress\/wp-json\/wp\/v2\/tags?post=9924"}],"curies":[{"name":"wp","href":"https:\/\/api.w.org\/{rel}","templated":true}]}}