{"id":9942,"date":"2022-12-27T16:47:06","date_gmt":"2022-12-27T19:47:06","guid":{"rendered":"https:\/\/www.confere.org.br\/wordpress\/?p=9942"},"modified":"2023-03-13T08:24:02","modified_gmt":"2023-03-13T11:24:02","slug":"dispensa-eletronica-no-047-2022-contratacao-de-servicos-de-telefonia-movel","status":"publish","type":"post","link":"https:\/\/www.confere.org.br\/wordpress\/dispensa-eletronica-no-047-2022-contratacao-de-servicos-de-telefonia-movel\/","title":{"rendered":"Dispensa Eletr\u00f4nica n\u00ba 047\/2022 &#8211; Contrata\u00e7\u00e3o de Servi\u00e7os de Telefonia M\u00f3vel"},"content":{"rendered":"\n<ul><li><a rel=\"noreferrer noopener\" href=\"https:\/\/www.confere.org.br\/wordpress\/wp-content\/uploads\/2022\/12\/TRSERV-assinado-1.pdf\" target=\"_blank\">Termo de Refer\u00eancia<\/a><\/li><li>Link PNCP:\u00a0<a rel=\"noreferrer noopener\" href=\"https:\/\/pncp.gov.br\/app\/editais\/34046367000168\/2022\/51\" target=\"_blank\">https:\/\/pncp.gov.br\/app\/editais\/34046367000168\/2022\/51<\/a><\/li><li><a rel=\"noreferrer noopener\" href=\"https:\/\/www.confere.org.br\/wordpress\/wp-content\/uploads\/2022\/12\/DESPAC_1-1.pdf\" target=\"_blank\">Autoriza\u00e7\u00e3o do Ordenador de Despesa<\/a><\/li><li>14\/02\/2023 &#8211; <a rel=\"noreferrer noopener\" href=\"https:\/\/www.confere.org.br\/wordpress\/wp-content\/uploads\/2023\/03\/relatorio_homologado_047_2022.pdf\" target=\"_blank\">RELAT\u00d3RIO H<\/a><a rel=\"noreferrer noopener\" href=\"https:\/\/www.confere.org.br\/wordpress\/wp-content\/uploads\/2023\/03\/relatorio_homologado_047_2022.pdf\" target=\"_blank\">O<\/a><a rel=\"noreferrer noopener\" href=\"https:\/\/www.confere.org.br\/wordpress\/wp-content\/uploads\/2023\/03\/relatorio_homologado_047_2022.pdf\" target=\"_blank\">M<\/a><a rel=\"noreferrer noopener\" href=\"https:\/\/www.confere.org.br\/wordpress\/wp-content\/uploads\/2023\/03\/relatorio_homologado_047_2022.pdf\" target=\"_blank\">O<\/a><a rel=\"noreferrer noopener\" href=\"https:\/\/www.confere.org.br\/wordpress\/wp-content\/uploads\/2023\/03\/relatorio_homologado_047_2022.pdf\" target=\"_blank\">L<\/a><a rel=\"noreferrer noopener\" href=\"https:\/\/www.confere.org.br\/wordpress\/wp-content\/uploads\/2023\/03\/relatorio_homologado_047_2022.pdf\" target=\"_blank\">O<\/a><a rel=\"noreferrer noopener\" href=\"https:\/\/www.confere.org.br\/wordpress\/wp-content\/uploads\/2023\/03\/relatorio_homologado_047_2022.pdf\" target=\"_blank\">G<\/a><a rel=\"noreferrer noopener\" href=\"https:\/\/www.confere.org.br\/wordpress\/wp-content\/uploads\/2023\/03\/relatorio_homologado_047_2022.pdf\" target=\"_blank\">A<\/a><a rel=\"noreferrer noopener\" href=\"https:\/\/www.confere.org.br\/wordpress\/wp-content\/uploads\/2023\/03\/relatorio_homologado_047_2022.pdf\" target=\"_blank\">D<\/a><a rel=\"noreferrer noopener\" href=\"https:\/\/www.confere.org.br\/wordpress\/wp-content\/uploads\/2023\/03\/relatorio_homologado_047_2022.pdf\" target=\"_blank\">O<\/a><\/li><\/ul>\n","protected":false},"excerpt":{"rendered":"<p>Termo de Refer\u00eancia Link PNCP:\u00a0https:\/\/pncp.gov.br\/app\/editais\/34046367000168\/2022\/51 Autoriza\u00e7\u00e3o do Ordenador de Despesa 14\/02\/2023 &#8211; RELAT\u00d3RIO HOMOLOGADO<\/p>\n","protected":false},"author":3,"featured_media":0,"comment_status":"closed","ping_status":"closed","sticky":false,"template":"","format":"standard","meta":[],"categories":[60],"tags":[],"_links":{"self":[{"href":"https:\/\/www.confere.org.br\/wordpress\/wp-json\/wp\/v2\/posts\/9942"}],"collection":[{"href":"https:\/\/www.confere.org.br\/wordpress\/wp-json\/wp\/v2\/posts"}],"about":[{"href":"https:\/\/www.confere.org.br\/wordpress\/wp-json\/wp\/v2\/types\/post"}],"author":[{"embeddable":true,"href":"https:\/\/www.confere.org.br\/wordpress\/wp-json\/wp\/v2\/users\/3"}],"replies":[{"embeddable":true,"href":"https:\/\/www.confere.org.br\/wordpress\/wp-json\/wp\/v2\/comments?post=9942"}],"version-history":[{"count":3,"href":"https:\/\/www.confere.org.br\/wordpress\/wp-json\/wp\/v2\/posts\/9942\/revisions"}],"predecessor-version":[{"id":10563,"href":"https:\/\/www.confere.org.br\/wordpress\/wp-json\/wp\/v2\/posts\/9942\/revisions\/10563"}],"wp:attachment":[{"href":"https:\/\/www.confere.org.br\/wordpress\/wp-json\/wp\/v2\/media?parent=9942"}],"wp:term":[{"taxonomy":"category","embeddable":true,"href":"https:\/\/www.confere.org.br\/wordpress\/wp-json\/wp\/v2\/categories?post=9942"},{"taxonomy":"post_tag","embeddable":true,"href":"https:\/\/www.confere.org.br\/wordpress\/wp-json\/wp\/v2\/tags?post=9942"}],"curies":[{"name":"wp","href":"https:\/\/api.w.org\/{rel}","templated":true}]}}