{"id":9950,"date":"2022-12-29T10:10:30","date_gmt":"2022-12-29T13:10:30","guid":{"rendered":"https:\/\/www.confere.org.br\/wordpress\/?p=9950"},"modified":"2023-02-14T11:23:01","modified_gmt":"2023-02-14T14:23:01","slug":"processo-de-licitacao-no-14-2022-vale-alimentacao-e-refeicao","status":"publish","type":"post","link":"https:\/\/www.confere.org.br\/wordpress\/processo-de-licitacao-no-14-2022-vale-alimentacao-e-refeicao\/","title":{"rendered":"Processo de Licita\u00e7\u00e3o n\u00ba 011\/2022 &#8211; Vale Alimenta\u00e7\u00e3o e Refei\u00e7\u00e3o"},"content":{"rendered":"\n\n\n<ul><li><a rel=\"noreferrer noopener\" href=\"https:\/\/www.confere.org.br\/wordpress\/wp-content\/uploads\/2022\/12\/EDITAL_-_VALE_corrigido_assinado_assinado.pdf\" target=\"_blank\">Edital &#8211; Preg\u00e3o Eletr\u00f4nico n\u00ba 014\/2022<\/a><\/li><li><a rel=\"noreferrer noopener\" href=\"https:\/\/www.confere.org.br\/wordpress\/wp-content\/uploads\/2022\/12\/DOU_14_2022.pdf\" target=\"_blank\">Publica\u00e7\u00e3o do aviso no DOU<\/a><\/li><li><a rel=\"noreferrer noopener\" href=\"https:\/\/www.confere.org.br\/wordpress\/wp-content\/uploads\/2023\/01\/Pedido-de-esclarecimento-no-01-referente-ao-Pregao-no-14.pdf\" target=\"_blank\">Pedido de esclarecimento n\u00ba 01 referente ao Preg\u00e3o n\u00ba 14\/2022<\/a><\/li><li><a rel=\"noreferrer noopener\" href=\"https:\/\/www.confere.org.br\/wordpress\/wp-content\/uploads\/2023\/01\/Pedido-de-esclarecimento-no-02-referente-ao-Pregao-no-14.pdf\" target=\"_blank\">Pedido de esclarecimento n\u00ba 02 referente ao Preg\u00e3o n\u00ba 14\/2022<\/a><\/li><li><a rel=\"noreferrer noopener\" href=\"https:\/\/www.confere.org.br\/wordpress\/wp-content\/uploads\/2023\/01\/Pedido-de-esclarecimento-no-03-referente-ao-Pregao-no-14.pdf\" target=\"_blank\">Pedido de esclarecimento n\u00ba 03 referente ao Preg\u00e3o n\u00ba 14\/2022<\/a><\/li><li><a rel=\"noreferrer noopener\" href=\"https:\/\/www.confere.org.br\/wordpress\/wp-content\/uploads\/2023\/01\/RESPOSTA-A-IMPUGNACAO-revisada.pdf\" target=\"_blank\">Resposta \u00e0 impugna\u00e7\u00e3o 01<\/a><\/li><li><a rel=\"noreferrer noopener\" href=\"https:\/\/www.confere.org.br\/wordpress\/wp-content\/uploads\/2023\/01\/Pedido-de-esclarecimento-no-04-referente-ao-Pregao-no-14.pdf\" target=\"_blank\">Pedido de esclarecimento n\u00ba 04 referente ao Preg\u00e3o n\u00ba14\/2022<\/a><\/li><li><a rel=\"noreferrer noopener\" href=\"https:\/\/www.confere.org.br\/wordpress\/wp-content\/uploads\/2023\/01\/RESPOSTA-A-IMPUGNACAO-2.pdf\" target=\"_blank\">Resposta \u00e0 impugna\u00e7\u00e3o 02<\/a><\/li><li><a rel=\"noreferrer noopener\" href=\"https:\/\/www.confere.org.br\/wordpress\/wp-content\/uploads\/2023\/01\/Pedido-de-esclarecimento-no-05-referente-ao-Pregao-no-14.pdf\" target=\"_blank\">Pedido de esclarecimento n\u00ba 05 referente ao Preg\u00e3o n\u00ba 14\/2022<\/a><\/li><li><a rel=\"noreferrer noopener\" href=\"https:\/\/www.confere.org.br\/wordpress\/wp-content\/uploads\/2023\/01\/Pedido-de-esclarecimento-no-06-referente-ao-Pregao-no-14.pdf\" target=\"_blank\">Pedido de esclarecimento n\u00ba 06 referente ao Preg\u00e3o n\u00ba 14\/2022<\/a><\/li><li><a rel=\"noreferrer noopener\" href=\"https:\/\/www.confere.org.br\/wordpress\/wp-content\/uploads\/2023\/01\/Compras.gov_.br_.pdf\" target=\"_blank\">Ordem classificat\u00f3ria<\/a><\/li><li><a rel=\"noreferrer noopener\" href=\"https:\/\/www.confere.org.br\/wordpress\/wp-content\/uploads\/2023\/02\/RECURSO-DECISAO-PREGOEIRA.pdf\" target=\"_blank\">Decis\u00e3o da pregoeira<\/a><\/li><li><a rel=\"noreferrer noopener\" href=\"https:\/\/www.confere.org.br\/wordpress\/wp-content\/uploads\/2023\/02\/PARECER-JURIDICO.pdf\" target=\"_blank\">Parecer Jur\u00eddico<\/a><\/li><li><a rel=\"noreferrer noopener\" href=\"https:\/\/www.confere.org.br\/wordpress\/wp-content\/uploads\/2023\/02\/DESPACHO-DECISAO-RECURSO-VALE-1.pdf\" target=\"_blank\">Decis\u00e3o do gestor<\/a><\/li><li><a rel=\"noreferrer noopener\" href=\"https:\/\/www.confere.org.br\/wordpress\/wp-content\/uploads\/2023\/02\/RESULTADO-POR-FORNECEDOR.pdf\" target=\"_blank\">Resultado por fornecedor&nbsp;<\/a><\/li><li><a rel=\"noreferrer noopener\" href=\"https:\/\/www.confere.org.br\/wordpress\/wp-content\/uploads\/2023\/02\/TERMO-DE-ADJUDICACAO-E-HOMOLOGACAO.pdf\" target=\"_blank\">Termo de adjudica\u00e7\u00e3o<\/a><\/li><li><a rel=\"noreferrer noopener\" href=\"https:\/\/www.confere.org.br\/wordpress\/wp-content\/uploads\/2023\/02\/TERMO-DE-HOMOLOGACAO.pdf\" target=\"_blank\">Termo de homologa\u00e7\u00e3o<\/a><\/li><li><a href=\"https:\/\/www.confere.org.br\/wordpress\/wp-content\/uploads\/2023\/02\/ARP_SODEXOassinado_assinado_assinado.pdf\" target=\"_blank\" rel=\"noreferrer noopener\">Ata de Registro de Pre\u00e7os n\u00ba 07\/2022<\/a><\/li><li><a href=\"https:\/\/www.confere.org.br\/wordpress\/wp-content\/uploads\/2023\/02\/Contrato_SODEXO_assinado__assinado.pdf\" target=\"_blank\" rel=\"noreferrer noopener\">Contrato n\u00ba 03\/2023<\/a><\/li><\/ul>\n\n\n\n<p><\/p>\n","protected":false},"excerpt":{"rendered":"<p>Edital &#8211; Preg\u00e3o Eletr\u00f4nico n\u00ba 014\/2022 Publica\u00e7\u00e3o do aviso no DOU Pedido de esclarecimento n\u00ba 01 referente ao Preg\u00e3o n\u00ba 14\/2022 Pedido de esclarecimento n\u00ba 02 referente ao Preg\u00e3o n\u00ba 14\/2022 Pedido de esclarecimento n\u00ba 03 referente ao Preg\u00e3o n\u00ba 14\/2022 Resposta \u00e0 impugna\u00e7\u00e3o 01 Pedido de esclarecimento n\u00ba 04 referente ao Preg\u00e3o n\u00ba14\/2022 Resposta &hellip; <\/p>\n<p class=\"link-more\"><a href=\"https:\/\/www.confere.org.br\/wordpress\/processo-de-licitacao-no-14-2022-vale-alimentacao-e-refeicao\/\" class=\"more-link\">Continue lendo<span class=\"screen-reader-text\"> &#8220;Processo de Licita\u00e7\u00e3o n\u00ba 011\/2022 &#8211; Vale Alimenta\u00e7\u00e3o e Refei\u00e7\u00e3o&#8221;<\/span><\/a><\/p>\n","protected":false},"author":3,"featured_media":0,"comment_status":"closed","ping_status":"closed","sticky":false,"template":"","format":"standard","meta":[],"categories":[32],"tags":[],"_links":{"self":[{"href":"https:\/\/www.confere.org.br\/wordpress\/wp-json\/wp\/v2\/posts\/9950"}],"collection":[{"href":"https:\/\/www.confere.org.br\/wordpress\/wp-json\/wp\/v2\/posts"}],"about":[{"href":"https:\/\/www.confere.org.br\/wordpress\/wp-json\/wp\/v2\/types\/post"}],"author":[{"embeddable":true,"href":"https:\/\/www.confere.org.br\/wordpress\/wp-json\/wp\/v2\/users\/3"}],"replies":[{"embeddable":true,"href":"https:\/\/www.confere.org.br\/wordpress\/wp-json\/wp\/v2\/comments?post=9950"}],"version-history":[{"count":14,"href":"https:\/\/www.confere.org.br\/wordpress\/wp-json\/wp\/v2\/posts\/9950\/revisions"}],"predecessor-version":[{"id":10407,"href":"https:\/\/www.confere.org.br\/wordpress\/wp-json\/wp\/v2\/posts\/9950\/revisions\/10407"}],"wp:attachment":[{"href":"https:\/\/www.confere.org.br\/wordpress\/wp-json\/wp\/v2\/media?parent=9950"}],"wp:term":[{"taxonomy":"category","embeddable":true,"href":"https:\/\/www.confere.org.br\/wordpress\/wp-json\/wp\/v2\/categories?post=9950"},{"taxonomy":"post_tag","embeddable":true,"href":"https:\/\/www.confere.org.br\/wordpress\/wp-json\/wp\/v2\/tags?post=9950"}],"curies":[{"name":"wp","href":"https:\/\/api.w.org\/{rel}","templated":true}]}}