{"id":9957,"date":"2022-12-29T16:52:34","date_gmt":"2022-12-29T19:52:34","guid":{"rendered":"https:\/\/www.confere.org.br\/wordpress\/?p=9957"},"modified":"2022-12-29T16:52:38","modified_gmt":"2022-12-29T19:52:38","slug":"receita-paga-hoje-r-903-milhoes-em-restituicao-de-imposto-de-renda","status":"publish","type":"post","link":"https:\/\/www.confere.org.br\/wordpress\/receita-paga-hoje-r-903-milhoes-em-restituicao-de-imposto-de-renda\/","title":{"rendered":"Receita paga hoje R$ 903 milh\u00f5es em restitui\u00e7\u00e3o de Imposto de Renda"},"content":{"rendered":"\n<p>A Receita Federal paga hoje (29) restitui\u00e7\u00f5es de Imposto de Renda Pessoa F\u00edsica (IRPF) de lote residual para mais de 488.637 contribuintes.<img src=\"https:\/\/agenciabrasil.ebc.com.br\/ebc.png?id=1500329&amp;o=node\"><img src=\"https:\/\/agenciabrasil.ebc.com.br\/ebc.gif?id=1500329&amp;o=node\"><\/p>\n\n\n\n<p>Neste lote, o valor das restitui\u00e7\u00f5es \u00e9 de mais de R$ 903,37 milh\u00f5es. Os lotes residuais s\u00e3o de contribuintes que ca\u00edram na malha fina e regularizaram as pend\u00eancias. O valor da restitui\u00e7\u00e3o \u00e9 atualizado pela taxa Selic a partir do m\u00eas seguinte ao prazo final de entrega da declara\u00e7\u00e3o at\u00e9 o m\u00eas anterior ao pagamento, mais 1% no m\u00eas do dep\u00f3sito.<\/p>\n\n\n\n<p>Do total, R$ 235,61 milh\u00f5es ser\u00e3o destinados a contribuintes com prioridade: 4.613 idosos acima de 80 anos, 31.743 entre 60 e 79 anos, 3.718 com alguma defici\u00eancia f\u00edsica, mental ou mol\u00e9stia grave e 11.433 contribuintes cuja maior fonte de renda seja o magist\u00e9rio. Foram contemplados ainda 437.130 contribuintes n\u00e3o priorit\u00e1rios.<\/p>\n\n\n\n<p>O pagamento da restitui\u00e7\u00e3o \u00e9 feito diretamente na conta banc\u00e1ria informada pelo contribuinte na declara\u00e7\u00e3o, de forma direta ou por indica\u00e7\u00e3o de chave Pix. Se, por algum motivo, o cr\u00e9dito n\u00e3o for realizado (se, por exemplo, a conta foi desativada), os valores ficar\u00e3o dispon\u00edveis para resgate por at\u00e9 um ano no Banco do Brasil.<\/p>\n\n\n\n<p>Nesse caso, o cidad\u00e3o pode reagendar o cr\u00e9dito dos valores, em seu nome, pelo Portal BB, acessando o endere\u00e7o&nbsp;<a href=\"http:\/\/www.bb.com.br\/irpf\" target=\"_blank\" rel=\"noreferrer noopener\">www.bb.com.br\/irpf<\/a>, ou ligando para a Central de Relacionamento BB por meio dos telefones 4004-0001 (capitais), 0800-729-0001 (demais localidades) e 0800-729-0088 (telefone especial exclusivo para deficientes auditivos).<\/p>\n\n\n\n<p>Caso o contribuinte n\u00e3o resgate o valor de sua restitui\u00e7\u00e3o no prazo de um ano, deve requer\u00ea-lo pelo Portal e-CAC, dispon\u00edvel no\u00a0<em>site\u00a0<\/em>da\u00a0<a rel=\"noreferrer noopener\" href=\"https:\/\/www.gov.br\/receitafederal\/pt-br\/assuntos\/meu-imposto-de-renda\" target=\"_blank\">Receita Federal<\/a>, acessando o menu Declara\u00e7\u00f5es e Demonstrativos &#8211; Meu Imposto de Renda e clicando em \u201cSolicitar restitui\u00e7\u00e3o n\u00e3o resgatada na rede banc\u00e1ria&#8221;.<\/p>\n\n\n\n<p><br><br>Fonte: <a href=\"https:\/\/agenciabrasil.ebc.com.br\/economia\/noticia\/2022-12\/receita-paga-hoje-r-903-milhoes-em-restituicao-de-imposto-de-renda\" target=\"_blank\" rel=\"noreferrer noopener\">Ag\u00eancia Brasil<\/a><\/p>\n","protected":false},"excerpt":{"rendered":"<p>Lote residual \u00e9 destinado a mais de 488 mil contribuintes<\/p>\n","protected":false},"author":3,"featured_media":6611,"comment_status":"closed","ping_status":"closed","sticky":false,"template":"","format":"standard","meta":[],"categories":[2],"tags":[],"_links":{"self":[{"href":"https:\/\/www.confere.org.br\/wordpress\/wp-json\/wp\/v2\/posts\/9957"}],"collection":[{"href":"https:\/\/www.confere.org.br\/wordpress\/wp-json\/wp\/v2\/posts"}],"about":[{"href":"https:\/\/www.confere.org.br\/wordpress\/wp-json\/wp\/v2\/types\/post"}],"author":[{"embeddable":true,"href":"https:\/\/www.confere.org.br\/wordpress\/wp-json\/wp\/v2\/users\/3"}],"replies":[{"embeddable":true,"href":"https:\/\/www.confere.org.br\/wordpress\/wp-json\/wp\/v2\/comments?post=9957"}],"version-history":[{"count":1,"href":"https:\/\/www.confere.org.br\/wordpress\/wp-json\/wp\/v2\/posts\/9957\/revisions"}],"predecessor-version":[{"id":9959,"href":"https:\/\/www.confere.org.br\/wordpress\/wp-json\/wp\/v2\/posts\/9957\/revisions\/9959"}],"wp:featuredmedia":[{"embeddable":true,"href":"https:\/\/www.confere.org.br\/wordpress\/wp-json\/wp\/v2\/media\/6611"}],"wp:attachment":[{"href":"https:\/\/www.confere.org.br\/wordpress\/wp-json\/wp\/v2\/media?parent=9957"}],"wp:term":[{"taxonomy":"category","embeddable":true,"href":"https:\/\/www.confere.org.br\/wordpress\/wp-json\/wp\/v2\/categories?post=9957"},{"taxonomy":"post_tag","embeddable":true,"href":"https:\/\/www.confere.org.br\/wordpress\/wp-json\/wp\/v2\/tags?post=9957"}],"curies":[{"name":"wp","href":"https:\/\/api.w.org\/{rel}","templated":true}]}}