{"id":9960,"date":"2022-12-30T08:57:58","date_gmt":"2022-12-30T11:57:58","guid":{"rendered":"https:\/\/www.confere.org.br\/wordpress\/?p=9960"},"modified":"2022-12-30T09:08:55","modified_gmt":"2022-12-30T12:08:55","slug":"confere-empossa-nova-diretoria-do-core-ma","status":"publish","type":"post","link":"https:\/\/www.confere.org.br\/wordpress\/confere-empossa-nova-diretoria-do-core-ma\/","title":{"rendered":"Confere empossa nova Diretoria do Core-MA"},"content":{"rendered":"\n<p>A sess\u00e3o foi presidida pelo diretor-presidente do Confere, Archimedes Cavalcanti J\u00fanior, estando presentes, tamb\u00e9m, o diretor-tesoureiro do Confere, Sidney Fernandes Gutierrez; e o diretor-presidente do Core-RN, Francisco Sales de Souza Neto.<\/p>\n<p>A cerim\u00f4nia foi prestigiada pelo vereador\u00a0Marcial Lima (Podemos); o secret\u00e1rio de Estado da Ind\u00fastria e Com\u00e9rcio, Cassiano Pereira J\u00fanior; o vice-presidente da Fecom\u00e9rcio-MA, Manoel Barbosa; o diretor regional do\u00a0Senac\u00a0MA, Jos\u00e9 Ahirton Batista\u00a0Lopes; e pelo presidente da CDL S\u00e3o Lu\u00eds, F\u00e1bio Ribeiro.<\/p>\n<p>\u201cCom satisfa\u00e7\u00e3o, fui convidado para fazer a apresenta\u00e7\u00e3o do presidente reeleito, Alexandre Ferreira Lopes, reconduzido para mais uma gest\u00e3o\u201d. Vereador Marcial Lima<\/p>\n<p>\u201cA reelei\u00e7\u00e3o do Alexandre \u00e9 a continuidade de uma gest\u00e3o eficiente. Estamos, juntos, trilhando caminhos melhores para o nosso Estado. Desejo muito sucesso aos conselheiros empossados\u201d. Cassiano Pereira J\u00fanior, secret\u00e1rio de Estado da Ind\u00fastria e Com\u00e9rcio<\/p>\n<p><strong>\u00a0<\/strong><\/p>\n<p>DIRETORIA-EXECUTIVA<\/p>\n<p>Diretor-Presidente: Alexandre Ferreira Lopes<\/p>\n<p>Diretor-Secret\u00e1rio: Ant\u00f4nio Cavalcanti Lopes Neto<\/p>\n<p>Diretor-Tesoureiro: Jos\u00e9 Eurico Silva Oliveira<\/p>\n<p>CONSELHEIROS DIRETORES SUPLENTES<\/p>\n<p>1\u00ba Diretor Suplente: Samuel Martins Costa<\/p>\n<p>2\u00ba Diretor Suplente: \u00a0Marcos Leandro Gomes Cavaignac<\/p>\n<p>3\u00ba Diretor Suplente: Reginaldo Pacheco de Sousa<\/p>\n<p>CONSELHEIROS COMPONENTES DA COMISS\u00c3O FISCAL<\/p>\n<p>Membros Efetivos:<\/p>\n<p>Fabiano Machado Cirqueira<\/p>\n<p>Cleuber de Jesus Pinto Mendes<\/p>\n<p>Sebasti\u00e3o Candido Soares<\/p>\n<p>DELEGADOS REPRESENTANTES JUNTO AO CONFERE<\/p>\n<p>Efetivos: Alexandre Ferreira Lopes e Jos\u00e9 Eurico Silva<\/p>\n<p>Suplentes: Antonio Cavalcante Lopes Neto e Samuel Martins Costa<\/p>\n","protected":false},"excerpt":{"rendered":"<p>No dia 28 de dezembro, em cerim\u00f4nia na sede da Fecom\u00e9rcio-MA, foi empossada a nova Diretoria do Core-MA, eleita em pleito realizado no dia 20 de outubro, para o tri\u00eanio 2023\/2025.<\/p>\n","protected":false},"author":3,"featured_media":9961,"comment_status":"closed","ping_status":"closed","sticky":false,"template":"","format":"standard","meta":[],"categories":[34,49,17],"tags":[],"_links":{"self":[{"href":"https:\/\/www.confere.org.br\/wordpress\/wp-json\/wp\/v2\/posts\/9960"}],"collection":[{"href":"https:\/\/www.confere.org.br\/wordpress\/wp-json\/wp\/v2\/posts"}],"about":[{"href":"https:\/\/www.confere.org.br\/wordpress\/wp-json\/wp\/v2\/types\/post"}],"author":[{"embeddable":true,"href":"https:\/\/www.confere.org.br\/wordpress\/wp-json\/wp\/v2\/users\/3"}],"replies":[{"embeddable":true,"href":"https:\/\/www.confere.org.br\/wordpress\/wp-json\/wp\/v2\/comments?post=9960"}],"version-history":[{"count":1,"href":"https:\/\/www.confere.org.br\/wordpress\/wp-json\/wp\/v2\/posts\/9960\/revisions"}],"predecessor-version":[{"id":9962,"href":"https:\/\/www.confere.org.br\/wordpress\/wp-json\/wp\/v2\/posts\/9960\/revisions\/9962"}],"wp:featuredmedia":[{"embeddable":true,"href":"https:\/\/www.confere.org.br\/wordpress\/wp-json\/wp\/v2\/media\/9961"}],"wp:attachment":[{"href":"https:\/\/www.confere.org.br\/wordpress\/wp-json\/wp\/v2\/media?parent=9960"}],"wp:term":[{"taxonomy":"category","embeddable":true,"href":"https:\/\/www.confere.org.br\/wordpress\/wp-json\/wp\/v2\/categories?post=9960"},{"taxonomy":"post_tag","embeddable":true,"href":"https:\/\/www.confere.org.br\/wordpress\/wp-json\/wp\/v2\/tags?post=9960"}],"curies":[{"name":"wp","href":"https:\/\/api.w.org\/{rel}","templated":true}]}}